{"id":25484,"date":"2024-08-05T10:29:08","date_gmt":"2024-08-05T13:29:08","guid":{"rendered":"https:\/\/radiostudiow.com.br\/site\/?p=25484"},"modified":"2025-01-31T14:59:03","modified_gmt":"2025-01-31T17:59:03","slug":"incendio-destroi-sobrado-em-uniao-da-vitoria","status":"publish","type":"post","link":"https:\/\/radiostudiow.com.br\/site\/2024\/08\/05\/incendio-destroi-sobrado-em-uniao-da-vitoria\/","title":{"rendered":"Inc\u00eandio destroi sobrado em Uni\u00e3o da Vit\u00f3ria"},"content":{"rendered":"\n<p>A equipe do Corpo de Bombeiros de Uni\u00e3o da Vit\u00f3ria foi acionado para atender a um inc\u00eandio em uma resid\u00eancia localizada na Rua Estefano Berejuk, no bairro Limeira por volta das 18:40 horas deste s\u00e1bado (03).<\/p>\n\n\n\n<figure class=\"wp-block-image size-full\"><img loading=\"lazy\" decoding=\"async\" width=\"897\" height=\"204\" src=\"https:\/\/radiostudiow.com.br\/site\/wp-content\/uploads\/2024\/04\/image-50.png\" alt=\"\" class=\"wp-image-21368\" srcset=\"https:\/\/radiostudiow.com.br\/site\/wp-content\/uploads\/2024\/04\/image-50.png 897w, https:\/\/radiostudiow.com.br\/site\/wp-content\/uploads\/2024\/04\/image-50-300x68.png 300w, https:\/\/radiostudiow.com.br\/site\/wp-content\/uploads\/2024\/04\/image-50-768x175.png 768w\" sizes=\"auto, (max-width: 897px) 100vw, 897px\" \/><\/figure>\n\n\n\n<p>De acordo com informa\u00e7\u00f5es do V.Vale, o im\u00f3vel possui dois pavimentos e, ao chegar no local a equipe constatou que as chamas j\u00e1 estavam tomando conta da estrutura. Para refor\u00e7ar o combate ao fogo, a equipe do Corpo de Bombeiros de Porto Uni\u00e3o tamb\u00e9m foi chamada para prestar apoio.<\/p>\n\n\n\n<p>N\u00e3o foram divulgadas informa\u00e7\u00f5es sobre poss\u00edveis v\u00edtimas at\u00e9 o momento. As causas do inc\u00eandio ainda est\u00e3o sendo investigadas. Segundo vizinhos, os propriet\u00e1rios do im\u00f3vel residem em General Carneiro e a casa estava fechada.<\/p>\n\n\n\n<figure class=\"wp-block-image size-large\"><img loading=\"lazy\" decoding=\"async\" width=\"1024\" height=\"484\" src=\"https:\/\/radiostudiow.com.br\/site\/wp-content\/uploads\/2024\/08\/WhatsApp-Image-2024-08-03-at-19.32.38-1024x484.jpeg\" alt=\"\" class=\"wp-image-25485\" srcset=\"https:\/\/radiostudiow.com.br\/site\/wp-content\/uploads\/2024\/08\/WhatsApp-Image-2024-08-03-at-19.32.38-1024x484.jpeg 1024w, https:\/\/radiostudiow.com.br\/site\/wp-content\/uploads\/2024\/08\/WhatsApp-Image-2024-08-03-at-19.32.38-300x142.jpeg 300w, https:\/\/radiostudiow.com.br\/site\/wp-content\/uploads\/2024\/08\/WhatsApp-Image-2024-08-03-at-19.32.38-768x363.jpeg 768w, https:\/\/radiostudiow.com.br\/site\/wp-content\/uploads\/2024\/08\/WhatsApp-Image-2024-08-03-at-19.32.38.jpeg 1040w\" sizes=\"auto, (max-width: 1024px) 100vw, 1024px\" \/><\/figure>\n","protected":false},"excerpt":{"rendered":"<p>A equipe do Corpo de Bombeiros de Uni\u00e3o da Vit\u00f3ria foi acionado para atender a um inc\u00eandio em uma resid\u00eancia localizada na Rua Estefano Berejuk, no bairro Limeira por volta das 18:40 horas deste s\u00e1bado (03). De acordo com informa\u00e7\u00f5es do V.Vale, o im\u00f3vel possui dois pavimentos e, ao chegar no local a equipe constatou [&hellip;]<\/p>\n","protected":false},"author":2,"featured_media":25486,"comment_status":"open","ping_status":"open","sticky":false,"template":"","format":"standard","meta":{"footnotes":""},"categories":[185],"tags":[172],"class_list":["post-25484","post","type-post","status-publish","format-standard","has-post-thumbnail","hentry","category-regional","tag-featured"],"amp_enabled":true,"_links":{"self":[{"href":"https:\/\/radiostudiow.com.br\/site\/wp-json\/wp\/v2\/posts\/25484","targetHints":{"allow":["GET"]}}],"collection":[{"href":"https:\/\/radiostudiow.com.br\/site\/wp-json\/wp\/v2\/posts"}],"about":[{"href":"https:\/\/radiostudiow.com.br\/site\/wp-json\/wp\/v2\/types\/post"}],"author":[{"embeddable":true,"href":"https:\/\/radiostudiow.com.br\/site\/wp-json\/wp\/v2\/users\/2"}],"replies":[{"embeddable":true,"href":"https:\/\/radiostudiow.com.br\/site\/wp-json\/wp\/v2\/comments?post=25484"}],"version-history":[{"count":1,"href":"https:\/\/radiostudiow.com.br\/site\/wp-json\/wp\/v2\/posts\/25484\/revisions"}],"predecessor-version":[{"id":25487,"href":"https:\/\/radiostudiow.com.br\/site\/wp-json\/wp\/v2\/posts\/25484\/revisions\/25487"}],"wp:featuredmedia":[{"embeddable":true,"href":"https:\/\/radiostudiow.com.br\/site\/wp-json\/wp\/v2\/media\/25486"}],"wp:attachment":[{"href":"https:\/\/radiostudiow.com.br\/site\/wp-json\/wp\/v2\/media?parent=25484"}],"wp:term":[{"taxonomy":"category","embeddable":true,"href":"https:\/\/radiostudiow.com.br\/site\/wp-json\/wp\/v2\/categories?post=25484"},{"taxonomy":"post_tag","embeddable":true,"href":"https:\/\/radiostudiow.com.br\/site\/wp-json\/wp\/v2\/tags?post=25484"}],"curies":[{"name":"wp","href":"https:\/\/api.w.org\/{rel}","templated":true}]}}