{"id":25490,"date":"2024-08-06T09:33:04","date_gmt":"2024-08-06T12:33:04","guid":{"rendered":"https:\/\/radiostudiow.com.br\/site\/?p=25490"},"modified":"2025-01-31T14:59:03","modified_gmt":"2025-01-31T17:59:03","slug":"homem-sob-efeito-de-drogas-e-preso-apos-ameacar-a-propria-mae-em-uniao-da-vitoria","status":"publish","type":"post","link":"https:\/\/radiostudiow.com.br\/site\/2024\/08\/06\/homem-sob-efeito-de-drogas-e-preso-apos-ameacar-a-propria-mae-em-uniao-da-vitoria\/","title":{"rendered":"Homem sob efeito de drogas, \u00e9 preso ap\u00f3s amea\u00e7ar a pr\u00f3pria m\u00e3e em Uni\u00e3o da Vit\u00f3ria"},"content":{"rendered":"\n<p>Um homem que n\u00e3o teve o nome divulgado foi preso por volta das 20:28 horas desse domingo (04), pelos crimes de amea\u00e7a e viol\u00eancia dom\u00e9stica familiar no bairro S\u00e3o Bas\u00edlio Magno em Uni\u00e3o da Vit\u00f3ria.<\/p>\n\n\n\n<figure class=\"wp-block-image size-large\"><img loading=\"lazy\" decoding=\"async\" width=\"1024\" height=\"390\" src=\"https:\/\/radiostudiow.com.br\/site\/wp-content\/uploads\/2024\/06\/449383450_900410565459867_7398886830294326458_n-1024x390.png\" alt=\"\" class=\"wp-image-24042\" srcset=\"https:\/\/radiostudiow.com.br\/site\/wp-content\/uploads\/2024\/06\/449383450_900410565459867_7398886830294326458_n-1024x390.png 1024w, https:\/\/radiostudiow.com.br\/site\/wp-content\/uploads\/2024\/06\/449383450_900410565459867_7398886830294326458_n-300x114.png 300w, https:\/\/radiostudiow.com.br\/site\/wp-content\/uploads\/2024\/06\/449383450_900410565459867_7398886830294326458_n-768x292.png 768w, https:\/\/radiostudiow.com.br\/site\/wp-content\/uploads\/2024\/06\/449383450_900410565459867_7398886830294326458_n-1536x584.png 1536w, https:\/\/radiostudiow.com.br\/site\/wp-content\/uploads\/2024\/06\/449383450_900410565459867_7398886830294326458_n-2048x779.png 2048w\" sizes=\"auto, (max-width: 1024px) 100vw, 1024px\" \/><\/figure>\n\n\n\n<p>De acordo com informa\u00e7\u00f5es, o homem chegou na casa sob efeito de drogas e estava bastante alterado, vindo a amea\u00e7ar a pr\u00f3pria m\u00e3e com palavras e gestos. Al\u00e9m disso, tamb\u00e9m tentou quebrar alguns objetos da casa.<\/p>\n\n\n\n<p>A Pol\u00edcia Militar foi acionada e deslocou at\u00e9 o endere\u00e7o fazendo a abordagem do homem, o qual recebeu voz de pris\u00e3o e foi conduzido at\u00e9 a delegacia para que fossem tomadas as provid\u00eancias cab\u00edveis.<\/p>\n","protected":false},"excerpt":{"rendered":"<p>Um homem que n\u00e3o teve o nome divulgado foi preso por volta das 20:28 horas desse domingo (04), pelos crimes de amea\u00e7a e viol\u00eancia dom\u00e9stica familiar no bairro S\u00e3o Bas\u00edlio Magno em Uni\u00e3o da Vit\u00f3ria. De acordo com informa\u00e7\u00f5es, o homem chegou na casa sob efeito de drogas e estava bastante alterado, vindo a amea\u00e7ar [&hellip;]<\/p>\n","protected":false},"author":2,"featured_media":18052,"comment_status":"open","ping_status":"open","sticky":false,"template":"","format":"standard","meta":{"footnotes":""},"categories":[2],"tags":[172],"class_list":["post-25490","post","type-post","status-publish","format-standard","has-post-thumbnail","hentry","category-policial","tag-featured"],"amp_enabled":true,"_links":{"self":[{"href":"https:\/\/radiostudiow.com.br\/site\/wp-json\/wp\/v2\/posts\/25490","targetHints":{"allow":["GET"]}}],"collection":[{"href":"https:\/\/radiostudiow.com.br\/site\/wp-json\/wp\/v2\/posts"}],"about":[{"href":"https:\/\/radiostudiow.com.br\/site\/wp-json\/wp\/v2\/types\/post"}],"author":[{"embeddable":true,"href":"https:\/\/radiostudiow.com.br\/site\/wp-json\/wp\/v2\/users\/2"}],"replies":[{"embeddable":true,"href":"https:\/\/radiostudiow.com.br\/site\/wp-json\/wp\/v2\/comments?post=25490"}],"version-history":[{"count":2,"href":"https:\/\/radiostudiow.com.br\/site\/wp-json\/wp\/v2\/posts\/25490\/revisions"}],"predecessor-version":[{"id":25500,"href":"https:\/\/radiostudiow.com.br\/site\/wp-json\/wp\/v2\/posts\/25490\/revisions\/25500"}],"wp:featuredmedia":[{"embeddable":true,"href":"https:\/\/radiostudiow.com.br\/site\/wp-json\/wp\/v2\/media\/18052"}],"wp:attachment":[{"href":"https:\/\/radiostudiow.com.br\/site\/wp-json\/wp\/v2\/media?parent=25490"}],"wp:term":[{"taxonomy":"category","embeddable":true,"href":"https:\/\/radiostudiow.com.br\/site\/wp-json\/wp\/v2\/categories?post=25490"},{"taxonomy":"post_tag","embeddable":true,"href":"https:\/\/radiostudiow.com.br\/site\/wp-json\/wp\/v2\/tags?post=25490"}],"curies":[{"name":"wp","href":"https:\/\/api.w.org\/{rel}","templated":true}]}}