{"id":25504,"date":"2024-08-06T09:37:51","date_gmt":"2024-08-06T12:37:51","guid":{"rendered":"https:\/\/radiostudiow.com.br\/site\/?p=25504"},"modified":"2025-01-31T14:59:03","modified_gmt":"2025-01-31T17:59:03","slug":"homem-e-preso-por-trafico-de-drogas-em-uniao-da-vitoria-6","status":"publish","type":"post","link":"https:\/\/radiostudiow.com.br\/site\/2024\/08\/06\/homem-e-preso-por-trafico-de-drogas-em-uniao-da-vitoria-6\/","title":{"rendered":"Homem \u00e9 preso por trafico de drogas em Uni\u00e3o da Vit\u00f3ria"},"content":{"rendered":"\n<p>A equipe da Pol\u00edcia Militar de Uni\u00e3o da Vit\u00f3ria em posse das den\u00fancias anonimas, realizou uma apreens\u00e3o de tr\u00e1fico de drogas por volta das 18 horas desse s\u00e1bado (04).<\/p>\n\n\n\n<figure class=\"wp-block-image size-full\"><img loading=\"lazy\" decoding=\"async\" width=\"590\" height=\"204\" src=\"https:\/\/radiostudiow.com.br\/site\/wp-content\/uploads\/2024\/04\/image-27.png\" alt=\"\" class=\"wp-image-21280\" srcset=\"https:\/\/radiostudiow.com.br\/site\/wp-content\/uploads\/2024\/04\/image-27.png 590w, https:\/\/radiostudiow.com.br\/site\/wp-content\/uploads\/2024\/04\/image-27-300x104.png 300w\" sizes=\"auto, (max-width: 590px) 100vw, 590px\" \/><\/figure>\n\n\n\n<p>De acordo com a den\u00fancia, havia uma atividade de trafic\u00e2ncia em uma resid\u00eancia na \u00e1rea central e com as informa\u00e7\u00f5es foi realizado abordagem no local.<\/p>\n\n\n\n<p>Com apoio do canil com o c\u00e3o Jessi foi localizado uma quantidade substancial de crack, que ap\u00f3s pesado aferiu 689 gramas da droga. Al\u00e9m da droga foi localizado 03 celulares 01 balan\u00e7a de precis\u00e3o e 141 reais em dinheiro.<\/p>\n\n\n\n<p>Diante do flagrante de trafic\u00e2ncia o autor foi preso e encaminhado para a 4\u00aa SDP para providencias.<\/p>\n","protected":false},"excerpt":{"rendered":"<p>A equipe da Pol\u00edcia Militar de Uni\u00e3o da Vit\u00f3ria em posse das den\u00fancias anonimas, realizou uma apreens\u00e3o de tr\u00e1fico de drogas por volta das 18 horas desse s\u00e1bado (04). De acordo com a den\u00fancia, havia uma atividade de trafic\u00e2ncia em uma resid\u00eancia na \u00e1rea central e com as informa\u00e7\u00f5es foi realizado abordagem no local. Com [&hellip;]<\/p>\n","protected":false},"author":2,"featured_media":25505,"comment_status":"open","ping_status":"open","sticky":false,"template":"","format":"standard","meta":{"footnotes":""},"categories":[2],"tags":[172],"class_list":["post-25504","post","type-post","status-publish","format-standard","has-post-thumbnail","hentry","category-policial","tag-featured"],"amp_enabled":true,"_links":{"self":[{"href":"https:\/\/radiostudiow.com.br\/site\/wp-json\/wp\/v2\/posts\/25504","targetHints":{"allow":["GET"]}}],"collection":[{"href":"https:\/\/radiostudiow.com.br\/site\/wp-json\/wp\/v2\/posts"}],"about":[{"href":"https:\/\/radiostudiow.com.br\/site\/wp-json\/wp\/v2\/types\/post"}],"author":[{"embeddable":true,"href":"https:\/\/radiostudiow.com.br\/site\/wp-json\/wp\/v2\/users\/2"}],"replies":[{"embeddable":true,"href":"https:\/\/radiostudiow.com.br\/site\/wp-json\/wp\/v2\/comments?post=25504"}],"version-history":[{"count":1,"href":"https:\/\/radiostudiow.com.br\/site\/wp-json\/wp\/v2\/posts\/25504\/revisions"}],"predecessor-version":[{"id":25506,"href":"https:\/\/radiostudiow.com.br\/site\/wp-json\/wp\/v2\/posts\/25504\/revisions\/25506"}],"wp:featuredmedia":[{"embeddable":true,"href":"https:\/\/radiostudiow.com.br\/site\/wp-json\/wp\/v2\/media\/25505"}],"wp:attachment":[{"href":"https:\/\/radiostudiow.com.br\/site\/wp-json\/wp\/v2\/media?parent=25504"}],"wp:term":[{"taxonomy":"category","embeddable":true,"href":"https:\/\/radiostudiow.com.br\/site\/wp-json\/wp\/v2\/categories?post=25504"},{"taxonomy":"post_tag","embeddable":true,"href":"https:\/\/radiostudiow.com.br\/site\/wp-json\/wp\/v2\/tags?post=25504"}],"curies":[{"name":"wp","href":"https:\/\/api.w.org\/{rel}","templated":true}]}}