{"id":25507,"date":"2024-08-06T09:41:54","date_gmt":"2024-08-06T12:41:54","guid":{"rendered":"https:\/\/radiostudiow.com.br\/site\/?p=25507"},"modified":"2025-01-31T14:59:03","modified_gmt":"2025-01-31T17:59:03","slug":"pm-de-paula-freitas-e-acionada-apos-um-senhor-ser-agredido-com-barra-de-ferro","status":"publish","type":"post","link":"https:\/\/radiostudiow.com.br\/site\/2024\/08\/06\/pm-de-paula-freitas-e-acionada-apos-um-senhor-ser-agredido-com-barra-de-ferro\/","title":{"rendered":"PM de Paula Freitas \u00e9 acionada ap\u00f3s um senhor ser agredido com barra de ferro"},"content":{"rendered":"\n<p>A equipe da Pol\u00edcia Militar de Paula Freitas foi acionada via Sade para averiguar uma situa\u00e7\u00e3o de les\u00e3o corporal por volta das 20 horas deste domingo, 04 de agosto, onde homem teria agredido um senhor.<\/p>\n\n\n\n<figure class=\"wp-block-image size-full\"><img decoding=\"async\" src=\"https:\/\/radiostudiow.com.br\/site\/wp-content\/uploads\/2024\/04\/SITE-MEDIO.png\" alt=\"\" class=\"wp-image-21854\"\/><\/figure>\n\n\n\n<p>No chegar no local a equipe se deparou com o senhor com um ferimento, onde o mesmo relatou que outro homem teria desferido um golpe com uma barra de ferro em seu dedo.<\/p>\n\n\n\n<p>Diante dos fatos, a v\u00edtima foi encaminhada para o hospital regional de Uni\u00e3o da Vit\u00f3ria para pronto atendimento de seus ferimentos.<\/p>\n\n\n\n<p>Ap\u00f3s atendimento, ambos os envolvidos foram encaminhados para o DPM de Paula Freitas para confec\u00e7\u00e3o do termo circunstanciado.<\/p>\n","protected":false},"excerpt":{"rendered":"<p>A equipe da Pol\u00edcia Militar de Paula Freitas foi acionada via Sade para averiguar uma situa\u00e7\u00e3o de les\u00e3o corporal por volta das 20 horas deste domingo, 04 de agosto, onde homem teria agredido um senhor. No chegar no local a equipe se deparou com o senhor com um ferimento, onde o mesmo relatou que outro [&hellip;]<\/p>\n","protected":false},"author":2,"featured_media":16838,"comment_status":"open","ping_status":"open","sticky":false,"template":"","format":"standard","meta":{"footnotes":""},"categories":[2],"tags":[172],"class_list":["post-25507","post","type-post","status-publish","format-standard","has-post-thumbnail","hentry","category-policial","tag-featured"],"amp_enabled":true,"_links":{"self":[{"href":"https:\/\/radiostudiow.com.br\/site\/wp-json\/wp\/v2\/posts\/25507","targetHints":{"allow":["GET"]}}],"collection":[{"href":"https:\/\/radiostudiow.com.br\/site\/wp-json\/wp\/v2\/posts"}],"about":[{"href":"https:\/\/radiostudiow.com.br\/site\/wp-json\/wp\/v2\/types\/post"}],"author":[{"embeddable":true,"href":"https:\/\/radiostudiow.com.br\/site\/wp-json\/wp\/v2\/users\/2"}],"replies":[{"embeddable":true,"href":"https:\/\/radiostudiow.com.br\/site\/wp-json\/wp\/v2\/comments?post=25507"}],"version-history":[{"count":1,"href":"https:\/\/radiostudiow.com.br\/site\/wp-json\/wp\/v2\/posts\/25507\/revisions"}],"predecessor-version":[{"id":25508,"href":"https:\/\/radiostudiow.com.br\/site\/wp-json\/wp\/v2\/posts\/25507\/revisions\/25508"}],"wp:featuredmedia":[{"embeddable":true,"href":"https:\/\/radiostudiow.com.br\/site\/wp-json\/wp\/v2\/media\/16838"}],"wp:attachment":[{"href":"https:\/\/radiostudiow.com.br\/site\/wp-json\/wp\/v2\/media?parent=25507"}],"wp:term":[{"taxonomy":"category","embeddable":true,"href":"https:\/\/radiostudiow.com.br\/site\/wp-json\/wp\/v2\/categories?post=25507"},{"taxonomy":"post_tag","embeddable":true,"href":"https:\/\/radiostudiow.com.br\/site\/wp-json\/wp\/v2\/tags?post=25507"}],"curies":[{"name":"wp","href":"https:\/\/api.w.org\/{rel}","templated":true}]}}