{"id":25520,"date":"2024-08-07T09:34:27","date_gmt":"2024-08-07T12:34:27","guid":{"rendered":"https:\/\/radiostudiow.com.br\/site\/?p=25520"},"modified":"2025-01-31T14:59:03","modified_gmt":"2025-01-31T17:59:03","slug":"cerimonialistas-de-irati-sofrem-acidente-e-ficam-gravemente-feridas-na-br-153-em-imbituva","status":"publish","type":"post","link":"https:\/\/radiostudiow.com.br\/site\/2024\/08\/07\/cerimonialistas-de-irati-sofrem-acidente-e-ficam-gravemente-feridas-na-br-153-em-imbituva\/","title":{"rendered":"Cerimonialistas de Irati sofrem acidente e ficam gravemente feridas na BR-153, em Imbituva"},"content":{"rendered":"\n<p>Na tarde de segunda-feira (05), por volta das 16h07, um grave acidente na BR-153, no parque industrial de Imbituva, envolvendo um ve\u00edculo Fiat\/Uno com placas de Irati, deixou duas mulheres gravemente feridas. As mulheres, duas cerimonialistas de Irati, s\u00e3o s\u00f3cias-propriet\u00e1rias da empresa Essencial Assessoria em Eventos e Cerimonial.<\/p>\n\n\n\n<figure class=\"wp-block-image size-full\"><img loading=\"lazy\" decoding=\"async\" width=\"897\" height=\"204\" src=\"https:\/\/radiostudiow.com.br\/site\/wp-content\/uploads\/2024\/04\/image-37.png\" alt=\"\" class=\"wp-image-21305\" srcset=\"https:\/\/radiostudiow.com.br\/site\/wp-content\/uploads\/2024\/04\/image-37.png 897w, https:\/\/radiostudiow.com.br\/site\/wp-content\/uploads\/2024\/04\/image-37-300x68.png 300w, https:\/\/radiostudiow.com.br\/site\/wp-content\/uploads\/2024\/04\/image-37-768x175.png 768w\" sizes=\"auto, (max-width: 897px) 100vw, 897px\" \/><\/figure>\n\n\n\n<p>A condutora, Emerline Brito Spies, de 30 anos, foi atendida pelas equipes de emerg\u00eancia e encaminhada para a Santa Casa de Irati com ferimentos graves. J\u00e1 a passageira, Darieli Da Silva Gryczak Lubczyk, de 36 anos, tamb\u00e9m sofreu graves ferimentos e foi transportada de helic\u00f3ptero para o hospital de Ponta Grossa. Ambas seguem internadas.<\/p>\n\n\n\n<p>O Corpo de Bombeiros de Irati e a Brigada Comunit\u00e1ria de Imbituva foram acionados para atender a ocorr\u00eancia. Ao chegarem ao local, constataram que o ve\u00edculo havia sa\u00eddo da pista e, em seguida, batido contra um poste, \u00e0s margens da rodovia.<\/p>\n\n\n\n<figure class=\"wp-block-gallery has-nested-images columns-default is-cropped wp-block-gallery-1 is-layout-flex wp-block-gallery-is-layout-flex\">\n<figure class=\"wp-block-image size-large\"><img loading=\"lazy\" decoding=\"async\" width=\"1000\" height=\"563\" data-id=\"25523\" src=\"https:\/\/radiostudiow.com.br\/site\/wp-content\/uploads\/2024\/08\/2606efe477cc6e0e7e6e.jpeg\" alt=\"\" class=\"wp-image-25523\" srcset=\"https:\/\/radiostudiow.com.br\/site\/wp-content\/uploads\/2024\/08\/2606efe477cc6e0e7e6e.jpeg 1000w, https:\/\/radiostudiow.com.br\/site\/wp-content\/uploads\/2024\/08\/2606efe477cc6e0e7e6e-300x169.jpeg 300w, https:\/\/radiostudiow.com.br\/site\/wp-content\/uploads\/2024\/08\/2606efe477cc6e0e7e6e-768x432.jpeg 768w\" sizes=\"auto, (max-width: 1000px) 100vw, 1000px\" \/><\/figure>\n\n\n\n<figure class=\"wp-block-image size-large\"><img loading=\"lazy\" decoding=\"async\" width=\"1000\" height=\"563\" data-id=\"25524\" src=\"https:\/\/radiostudiow.com.br\/site\/wp-content\/uploads\/2024\/08\/87adcdeabd5c281ad5b4.jpeg\" alt=\"\" class=\"wp-image-25524\" srcset=\"https:\/\/radiostudiow.com.br\/site\/wp-content\/uploads\/2024\/08\/87adcdeabd5c281ad5b4.jpeg 1000w, https:\/\/radiostudiow.com.br\/site\/wp-content\/uploads\/2024\/08\/87adcdeabd5c281ad5b4-300x169.jpeg 300w, https:\/\/radiostudiow.com.br\/site\/wp-content\/uploads\/2024\/08\/87adcdeabd5c281ad5b4-768x432.jpeg 768w\" sizes=\"auto, (max-width: 1000px) 100vw, 1000px\" \/><\/figure>\n<\/figure>\n\n\n\n<p>Segundo o SGBI, no momento da chegada at\u00e9 o local do acidente, uma das v\u00edtimas, estava fora do carro recebendo os primeiros socorros do SAMU, enquanto a outra permanecia presa nas ferragens. Utilizando t\u00e9cnicas de desencarceramento, os bombeiros conseguiram liberar a v\u00edtima, que foi transportada com urg\u00eancia para o hospital.<\/p>\n","protected":false},"excerpt":{"rendered":"<p>Na tarde de segunda-feira (05), por volta das 16h07, um grave acidente na BR-153, no parque industrial de Imbituva, envolvendo um ve\u00edculo Fiat\/Uno com placas de Irati, deixou duas mulheres gravemente feridas. As mulheres, duas cerimonialistas de Irati, s\u00e3o s\u00f3cias-propriet\u00e1rias da empresa Essencial Assessoria em Eventos e Cerimonial. A condutora, Emerline Brito Spies, de 30 [&hellip;]<\/p>\n","protected":false},"author":2,"featured_media":25525,"comment_status":"open","ping_status":"open","sticky":false,"template":"","format":"standard","meta":{"footnotes":""},"categories":[185],"tags":[172],"class_list":["post-25520","post","type-post","status-publish","format-standard","has-post-thumbnail","hentry","category-regional","tag-featured"],"amp_enabled":true,"_links":{"self":[{"href":"https:\/\/radiostudiow.com.br\/site\/wp-json\/wp\/v2\/posts\/25520","targetHints":{"allow":["GET"]}}],"collection":[{"href":"https:\/\/radiostudiow.com.br\/site\/wp-json\/wp\/v2\/posts"}],"about":[{"href":"https:\/\/radiostudiow.com.br\/site\/wp-json\/wp\/v2\/types\/post"}],"author":[{"embeddable":true,"href":"https:\/\/radiostudiow.com.br\/site\/wp-json\/wp\/v2\/users\/2"}],"replies":[{"embeddable":true,"href":"https:\/\/radiostudiow.com.br\/site\/wp-json\/wp\/v2\/comments?post=25520"}],"version-history":[{"count":3,"href":"https:\/\/radiostudiow.com.br\/site\/wp-json\/wp\/v2\/posts\/25520\/revisions"}],"predecessor-version":[{"id":25572,"href":"https:\/\/radiostudiow.com.br\/site\/wp-json\/wp\/v2\/posts\/25520\/revisions\/25572"}],"wp:featuredmedia":[{"embeddable":true,"href":"https:\/\/radiostudiow.com.br\/site\/wp-json\/wp\/v2\/media\/25525"}],"wp:attachment":[{"href":"https:\/\/radiostudiow.com.br\/site\/wp-json\/wp\/v2\/media?parent=25520"}],"wp:term":[{"taxonomy":"category","embeddable":true,"href":"https:\/\/radiostudiow.com.br\/site\/wp-json\/wp\/v2\/categories?post=25520"},{"taxonomy":"post_tag","embeddable":true,"href":"https:\/\/radiostudiow.com.br\/site\/wp-json\/wp\/v2\/tags?post=25520"}],"curies":[{"name":"wp","href":"https:\/\/api.w.org\/{rel}","templated":true}]}}