{"id":25537,"date":"2024-08-07T09:36:41","date_gmt":"2024-08-07T12:36:41","guid":{"rendered":"https:\/\/radiostudiow.com.br\/site\/?p=25537"},"modified":"2025-01-31T14:59:03","modified_gmt":"2025-01-31T17:59:03","slug":"acidente-envolve-caminhoes-na-br-476-em-sao-mateus-do-sul","status":"publish","type":"post","link":"https:\/\/radiostudiow.com.br\/site\/2024\/08\/07\/acidente-envolve-caminhoes-na-br-476-em-sao-mateus-do-sul\/","title":{"rendered":"Acidente envolve caminh\u00f5es na BR-476 em S\u00e3o Mateus do Sul"},"content":{"rendered":"\n<p>O Corpo de Bombeiros de S\u00e3o Mateus do Sul atendeu na manh\u00e3 desta ter\u00e3-feira, 06 de agosto, mais um acidente de tr\u00e2nsito do tipo colis\u00e3o na BR-476, entre os km 246 e 248, na regi\u00e3o conhecida como ponto da batata, pr\u00f3ximo a Ant\u00f4nio Olinto.<\/p>\n\n\n\n<figure class=\"wp-block-image size-full\"><img loading=\"lazy\" decoding=\"async\" width=\"598\" height=\"204\" src=\"https:\/\/radiostudiow.com.br\/site\/wp-content\/uploads\/2024\/04\/image-12.png\" alt=\"\" class=\"wp-image-21187\" srcset=\"https:\/\/radiostudiow.com.br\/site\/wp-content\/uploads\/2024\/04\/image-12.png 598w, https:\/\/radiostudiow.com.br\/site\/wp-content\/uploads\/2024\/04\/image-12-300x102.png 300w\" sizes=\"auto, (max-width: 598px) 100vw, 598px\" \/><\/figure>\n\n\n\n<p>Segundo os bombeiros, o acidente envolveu dois caminh\u00f5es. Quando a equipe de socorro chegou ao local, ambos os motoristas j\u00e1 estavam fora dos ve\u00edculos.<\/p>\n\n\n\n<p>Um dos motoristas foi atendido com ferimentos moderados, enquanto o outro sofreu apenas ferimentos leves. Ambos estavam conscientes e foram encaminhados ao Pronto Atendimento Municipal.<\/p>\n\n\n\n<p>Durante o atendimento, o tr\u00e2nsito ficou em meia pista. As placas dos ve\u00edculos envolvidos n\u00e3o foram divulgadas.<\/p>\n\n\n\n<figure class=\"wp-block-image size-full\"><img loading=\"lazy\" decoding=\"async\" width=\"719\" height=\"531\" src=\"https:\/\/radiostudiow.com.br\/site\/wp-content\/uploads\/2024\/08\/image-4.png\" alt=\"\" class=\"wp-image-25539\" srcset=\"https:\/\/radiostudiow.com.br\/site\/wp-content\/uploads\/2024\/08\/image-4.png 719w, https:\/\/radiostudiow.com.br\/site\/wp-content\/uploads\/2024\/08\/image-4-300x222.png 300w\" sizes=\"auto, (max-width: 719px) 100vw, 719px\" \/><\/figure>\n","protected":false},"excerpt":{"rendered":"<p>O Corpo de Bombeiros de S\u00e3o Mateus do Sul atendeu na manh\u00e3 desta ter\u00e3-feira, 06 de agosto, mais um acidente de tr\u00e2nsito do tipo colis\u00e3o na BR-476, entre os km 246 e 248, na regi\u00e3o conhecida como ponto da batata, pr\u00f3ximo a Ant\u00f4nio Olinto. Segundo os bombeiros, o acidente envolveu dois caminh\u00f5es. Quando a equipe [&hellip;]<\/p>\n","protected":false},"author":2,"featured_media":25538,"comment_status":"open","ping_status":"open","sticky":false,"template":"","format":"standard","meta":{"footnotes":""},"categories":[185],"tags":[172],"class_list":["post-25537","post","type-post","status-publish","format-standard","has-post-thumbnail","hentry","category-regional","tag-featured"],"amp_enabled":true,"_links":{"self":[{"href":"https:\/\/radiostudiow.com.br\/site\/wp-json\/wp\/v2\/posts\/25537","targetHints":{"allow":["GET"]}}],"collection":[{"href":"https:\/\/radiostudiow.com.br\/site\/wp-json\/wp\/v2\/posts"}],"about":[{"href":"https:\/\/radiostudiow.com.br\/site\/wp-json\/wp\/v2\/types\/post"}],"author":[{"embeddable":true,"href":"https:\/\/radiostudiow.com.br\/site\/wp-json\/wp\/v2\/users\/2"}],"replies":[{"embeddable":true,"href":"https:\/\/radiostudiow.com.br\/site\/wp-json\/wp\/v2\/comments?post=25537"}],"version-history":[{"count":3,"href":"https:\/\/radiostudiow.com.br\/site\/wp-json\/wp\/v2\/posts\/25537\/revisions"}],"predecessor-version":[{"id":25573,"href":"https:\/\/radiostudiow.com.br\/site\/wp-json\/wp\/v2\/posts\/25537\/revisions\/25573"}],"wp:featuredmedia":[{"embeddable":true,"href":"https:\/\/radiostudiow.com.br\/site\/wp-json\/wp\/v2\/media\/25538"}],"wp:attachment":[{"href":"https:\/\/radiostudiow.com.br\/site\/wp-json\/wp\/v2\/media?parent=25537"}],"wp:term":[{"taxonomy":"category","embeddable":true,"href":"https:\/\/radiostudiow.com.br\/site\/wp-json\/wp\/v2\/categories?post=25537"},{"taxonomy":"post_tag","embeddable":true,"href":"https:\/\/radiostudiow.com.br\/site\/wp-json\/wp\/v2\/tags?post=25537"}],"curies":[{"name":"wp","href":"https:\/\/api.w.org\/{rel}","templated":true}]}}