{"id":25542,"date":"2024-08-06T17:14:33","date_gmt":"2024-08-06T20:14:33","guid":{"rendered":"https:\/\/radiostudiow.com.br\/site\/?p=25542"},"modified":"2025-01-31T14:59:03","modified_gmt":"2025-01-31T17:59:03","slug":"pm-apreende-227-kg-de-maconha-em-uniao-da-vitoria","status":"publish","type":"post","link":"https:\/\/radiostudiow.com.br\/site\/2024\/08\/06\/pm-apreende-227-kg-de-maconha-em-uniao-da-vitoria\/","title":{"rendered":"PM apreende 227 Kg de maconha em Uni\u00e3o da Vit\u00f3ria"},"content":{"rendered":"\n<p>Pol\u00edcia Militar de Uni\u00e3o da Vit\u00f3ria recebeu informa\u00e7\u00f5es sobre o transporte de subst\u00e2ncias il\u00edcitas em um Renault\/Clio, a PM avistou o ve\u00edculo transitando em via p\u00fablica na \u00e1rea central por volta das 08:40 horas dessa segunda-feira (05).<\/p>\n\n\n\n<p>A equipe policial realizou a abordagem no ve\u00edculo suspeito, e durante a revista pessoal do motorista, foram encontrados R$ 330,00 em dinheiro e um celular Samsung.<\/p>\n\n\n\n<figure class=\"wp-block-image size-full\"><img loading=\"lazy\" decoding=\"async\" width=\"897\" height=\"204\" src=\"https:\/\/radiostudiow.com.br\/site\/wp-content\/uploads\/2024\/04\/image-51.png\" alt=\"\" class=\"wp-image-21370\" srcset=\"https:\/\/radiostudiow.com.br\/site\/wp-content\/uploads\/2024\/04\/image-51.png 897w, https:\/\/radiostudiow.com.br\/site\/wp-content\/uploads\/2024\/04\/image-51-300x68.png 300w, https:\/\/radiostudiow.com.br\/site\/wp-content\/uploads\/2024\/04\/image-51-768x175.png 768w\" sizes=\"auto, (max-width: 897px) 100vw, 897px\" \/><\/figure>\n\n\n\n<p>No interior do ve\u00edculo, a equipe localizou no interior do ve\u00edculo 13 fardos de maconha prensada, pesando aproximadamente 227Kg.<\/p>\n\n\n\n<p>O abordado foi conduzido e entregue juntamente com o ve\u00edculo e a droga na 4\u00aa SDP para providencias cab\u00edveis.<\/p>\n","protected":false},"excerpt":{"rendered":"<p>Pol\u00edcia Militar de Uni\u00e3o da Vit\u00f3ria recebeu informa\u00e7\u00f5es sobre o transporte de subst\u00e2ncias il\u00edcitas em um Renault\/Clio, a PM avistou o ve\u00edculo transitando em via p\u00fablica na \u00e1rea central por volta das 08:40 horas dessa segunda-feira (05). A equipe policial realizou a abordagem no ve\u00edculo suspeito, e durante a revista pessoal do motorista, foram encontrados [&hellip;]<\/p>\n","protected":false},"author":2,"featured_media":25544,"comment_status":"open","ping_status":"open","sticky":false,"template":"","format":"standard","meta":{"footnotes":""},"categories":[2],"tags":[172],"class_list":["post-25542","post","type-post","status-publish","format-standard","has-post-thumbnail","hentry","category-policial","tag-featured"],"amp_enabled":true,"_links":{"self":[{"href":"https:\/\/radiostudiow.com.br\/site\/wp-json\/wp\/v2\/posts\/25542","targetHints":{"allow":["GET"]}}],"collection":[{"href":"https:\/\/radiostudiow.com.br\/site\/wp-json\/wp\/v2\/posts"}],"about":[{"href":"https:\/\/radiostudiow.com.br\/site\/wp-json\/wp\/v2\/types\/post"}],"author":[{"embeddable":true,"href":"https:\/\/radiostudiow.com.br\/site\/wp-json\/wp\/v2\/users\/2"}],"replies":[{"embeddable":true,"href":"https:\/\/radiostudiow.com.br\/site\/wp-json\/wp\/v2\/comments?post=25542"}],"version-history":[{"count":2,"href":"https:\/\/radiostudiow.com.br\/site\/wp-json\/wp\/v2\/posts\/25542\/revisions"}],"predecessor-version":[{"id":25545,"href":"https:\/\/radiostudiow.com.br\/site\/wp-json\/wp\/v2\/posts\/25542\/revisions\/25545"}],"wp:featuredmedia":[{"embeddable":true,"href":"https:\/\/radiostudiow.com.br\/site\/wp-json\/wp\/v2\/media\/25544"}],"wp:attachment":[{"href":"https:\/\/radiostudiow.com.br\/site\/wp-json\/wp\/v2\/media?parent=25542"}],"wp:term":[{"taxonomy":"category","embeddable":true,"href":"https:\/\/radiostudiow.com.br\/site\/wp-json\/wp\/v2\/categories?post=25542"},{"taxonomy":"post_tag","embeddable":true,"href":"https:\/\/radiostudiow.com.br\/site\/wp-json\/wp\/v2\/tags?post=25542"}],"curies":[{"name":"wp","href":"https:\/\/api.w.org\/{rel}","templated":true}]}}