{"id":25563,"date":"2024-08-06T19:16:28","date_gmt":"2024-08-06T22:16:28","guid":{"rendered":"https:\/\/radiostudiow.com.br\/site\/?p=25563"},"modified":"2025-01-31T14:59:03","modified_gmt":"2025-01-31T17:59:03","slug":"acidentes-causam-falta-de-luz-no-bairro-sao-joaquim-em-uniao-da-viroria","status":"publish","type":"post","link":"https:\/\/radiostudiow.com.br\/site\/2024\/08\/06\/acidentes-causam-falta-de-luz-no-bairro-sao-joaquim-em-uniao-da-viroria\/","title":{"rendered":"Acidentes causam falta de luz no bairro S\u00e3o Joaquim em Uni\u00e3o da Vir\u00f3ria"},"content":{"rendered":"\n<p>Na manh\u00e3 desta ter\u00e7a-feira, 06 de agosto, a Rua Francisco Fernandes Luis foi palco de dois acidentes que, apesar de n\u00e3o terem deixado v\u00edtimas, causaram grande movimenta\u00e7\u00e3o no bairro S\u00e3o Joaquim em Uni\u00e3o da Vit\u00f3ria.<\/p>\n\n\n\n<p>O primeiro incidente envolveu um VW\/Fusca com placas de Cruz Machado, cujo condutor, embriagado, colidiu com uma placa de sinaliza\u00e7\u00e3o. A Pol\u00edcia Militar foi acionada e, ao constatar o estado de embriaguez, prendeu o motorista.<\/p>\n\n\n\n<figure class=\"wp-block-image size-full\"><img loading=\"lazy\" decoding=\"async\" width=\"897\" height=\"204\" src=\"https:\/\/radiostudiow.com.br\/site\/wp-content\/uploads\/2024\/04\/image-7.png\" alt=\"\" class=\"wp-image-21177\" srcset=\"https:\/\/radiostudiow.com.br\/site\/wp-content\/uploads\/2024\/04\/image-7.png 897w, https:\/\/radiostudiow.com.br\/site\/wp-content\/uploads\/2024\/04\/image-7-300x68.png 300w, https:\/\/radiostudiow.com.br\/site\/wp-content\/uploads\/2024\/04\/image-7-768x175.png 768w\" sizes=\"auto, (max-width: 897px) 100vw, 897px\" \/><\/figure>\n\n\n\n<p>Enquanto um guincho realizava a remo\u00e7\u00e3o do Fusca, um segundo acidente ocorreu.<\/p>\n\n\n\n<p>O condutor de uma carreta carregada com toras, ao tentar fazer uma convers\u00e3o, acabou enroscando em um poste de energia, que se quebrou. O incidente resultou na interrup\u00e7\u00e3o do fornecimento de energia el\u00e9trica em todo o bairro.<\/p>\n\n\n\n<p>No in\u00edcio da tarde desta ter\u00e7a-feira, a carreta ainda permanecia no local, aguardando a substitui\u00e7\u00e3o do poste por uma equipe da Copel.<\/p>\n","protected":false},"excerpt":{"rendered":"<p>Na manh\u00e3 desta ter\u00e7a-feira, 06 de agosto, a Rua Francisco Fernandes Luis foi palco de dois acidentes que, apesar de n\u00e3o terem deixado v\u00edtimas, causaram grande movimenta\u00e7\u00e3o no bairro S\u00e3o Joaquim em Uni\u00e3o da Vit\u00f3ria. O primeiro incidente envolveu um VW\/Fusca com placas de Cruz Machado, cujo condutor, embriagado, colidiu com uma placa de sinaliza\u00e7\u00e3o. [&hellip;]<\/p>\n","protected":false},"author":2,"featured_media":21681,"comment_status":"open","ping_status":"open","sticky":false,"template":"","format":"standard","meta":{"footnotes":""},"categories":[2],"tags":[172],"class_list":["post-25563","post","type-post","status-publish","format-standard","has-post-thumbnail","hentry","category-policial","tag-featured"],"amp_enabled":true,"_links":{"self":[{"href":"https:\/\/radiostudiow.com.br\/site\/wp-json\/wp\/v2\/posts\/25563","targetHints":{"allow":["GET"]}}],"collection":[{"href":"https:\/\/radiostudiow.com.br\/site\/wp-json\/wp\/v2\/posts"}],"about":[{"href":"https:\/\/radiostudiow.com.br\/site\/wp-json\/wp\/v2\/types\/post"}],"author":[{"embeddable":true,"href":"https:\/\/radiostudiow.com.br\/site\/wp-json\/wp\/v2\/users\/2"}],"replies":[{"embeddable":true,"href":"https:\/\/radiostudiow.com.br\/site\/wp-json\/wp\/v2\/comments?post=25563"}],"version-history":[{"count":2,"href":"https:\/\/radiostudiow.com.br\/site\/wp-json\/wp\/v2\/posts\/25563\/revisions"}],"predecessor-version":[{"id":25566,"href":"https:\/\/radiostudiow.com.br\/site\/wp-json\/wp\/v2\/posts\/25563\/revisions\/25566"}],"wp:featuredmedia":[{"embeddable":true,"href":"https:\/\/radiostudiow.com.br\/site\/wp-json\/wp\/v2\/media\/21681"}],"wp:attachment":[{"href":"https:\/\/radiostudiow.com.br\/site\/wp-json\/wp\/v2\/media?parent=25563"}],"wp:term":[{"taxonomy":"category","embeddable":true,"href":"https:\/\/radiostudiow.com.br\/site\/wp-json\/wp\/v2\/categories?post=25563"},{"taxonomy":"post_tag","embeddable":true,"href":"https:\/\/radiostudiow.com.br\/site\/wp-json\/wp\/v2\/tags?post=25563"}],"curies":[{"name":"wp","href":"https:\/\/api.w.org\/{rel}","templated":true}]}}