{"id":25581,"date":"2024-08-07T10:04:55","date_gmt":"2024-08-07T13:04:55","guid":{"rendered":"https:\/\/radiostudiow.com.br\/site\/?p=25581"},"modified":"2025-01-31T14:59:03","modified_gmt":"2025-01-31T17:59:03","slug":"pcpr-inicia-acao-para-combater-violencia-contra-mulher-com-divulgacao-de-sinal-de-socorro","status":"publish","type":"post","link":"https:\/\/radiostudiow.com.br\/site\/2024\/08\/07\/pcpr-inicia-acao-para-combater-violencia-contra-mulher-com-divulgacao-de-sinal-de-socorro\/","title":{"rendered":"PCPR inicia a\u00e7\u00e3o para combater viol\u00eancia contra mulher com divulga\u00e7\u00e3o de sinal de socorro"},"content":{"rendered":"\n<p>A Pol\u00edcia Civil do Paran\u00e1 (PCPR) iniciou a Opera\u00e7\u00e3o Shamar, que acontece durante o m\u00eas de agosto em todo o Pa\u00eds e \u00e9 coordenada pelo Minist\u00e9rio da Justi\u00e7a e Seguran\u00e7a P\u00fablica (MJSP) em combate \u00e0 viol\u00eancia contra mulher.&nbsp;<\/p>\n\n\n\n<figure class=\"wp-block-image size-full\"><img loading=\"lazy\" decoding=\"async\" width=\"897\" height=\"204\" src=\"https:\/\/radiostudiow.com.br\/site\/wp-content\/uploads\/2024\/04\/image-18.png\" alt=\"\" class=\"wp-image-21207\" srcset=\"https:\/\/radiostudiow.com.br\/site\/wp-content\/uploads\/2024\/04\/image-18.png 897w, https:\/\/radiostudiow.com.br\/site\/wp-content\/uploads\/2024\/04\/image-18-300x68.png 300w, https:\/\/radiostudiow.com.br\/site\/wp-content\/uploads\/2024\/04\/image-18-768x175.png 768w\" sizes=\"auto, (max-width: 897px) 100vw, 897px\" \/><\/figure>\n\n\n\n<p>Durante o per\u00edodo, a PCPR vai intensificar as a\u00e7\u00f5es repressivas de combate \u00e0 viol\u00eancia dom\u00e9stica, com apoio das demais for\u00e7as de seguran\u00e7a do Estado, al\u00e9m da divulga\u00e7\u00e3o do sinal de socorro, que pode ser utilizada pelas mulheres em situa\u00e7\u00e3o de risco. Tamb\u00e9m ser\u00e3o realizadas a\u00e7\u00f5es educativas e de acompanhamento de medidas protetivas.&nbsp;&nbsp;<\/p>\n\n\n\n<blockquote class=\"wp-block-quote is-layout-flow wp-block-quote-is-layout-flow\">\n<p>&#8220;A iniciativa \u00e9 respons\u00e1vel por valorizar o combate e cuidado que devemos ter com as mulheres&#8221;, afirma a delegada chefe da Divis\u00e3o de Pol\u00edcia Especializada da PCPR, Luciana Novaes.<\/p>\n<\/blockquote>\n\n\n\n<p>O sinal de socorro, feito com as m\u00e3os, foi criado pela Canadian Women&#8217;s Foundation, uma Organiza\u00e7\u00e3o N\u00e3o Governamental de prote\u00e7\u00e3o a mulheres sediada no Canad\u00e1, em 2020.&nbsp;O gesto, feito em tr\u00eas etapas, \u00e9 usado por mulheres em situa\u00e7\u00e3o de risco. A v\u00edtima levanta a m\u00e3o com a palma para fora, dobra o polegar e fecha os dedos sobre ele. A palma da m\u00e3o deve apontar para a pessoa a quem se pede ajuda.<\/p>\n\n\n\n<figure class=\"wp-block-image size-full\"><img loading=\"lazy\" decoding=\"async\" width=\"900\" height=\"408\" src=\"https:\/\/radiostudiow.com.br\/site\/wp-content\/uploads\/2024\/04\/image-21.png\" alt=\"\" class=\"wp-image-21214\" srcset=\"https:\/\/radiostudiow.com.br\/site\/wp-content\/uploads\/2024\/04\/image-21.png 900w, https:\/\/radiostudiow.com.br\/site\/wp-content\/uploads\/2024\/04\/image-21-300x136.png 300w, https:\/\/radiostudiow.com.br\/site\/wp-content\/uploads\/2024\/04\/image-21-768x348.png 768w\" sizes=\"auto, (max-width: 900px) 100vw, 900px\" \/><\/figure>\n\n\n\n<blockquote class=\"wp-block-quote is-layout-flow wp-block-quote-is-layout-flow\">\n<p>&#8220;Aproveitamos a Opera\u00e7\u00e3o Shamar para divulgar o gesto, que pode ser feito pelas v\u00edtimas que precisam de ajuda quando estiverem em situa\u00e7\u00e3o dif\u00edcil, para que a popula\u00e7\u00e3o saiba que est\u00e3o em risco, precisando de ajuda&#8221;, explica a delegada.<\/p>\n<\/blockquote>\n\n\n\n<p>O sinal \u00e9 conhecido mundialmente e, ap\u00f3s a abordagem, a pessoa que prestou ajuda pode telefonar para as for\u00e7as de seguran\u00e7a. A&nbsp;PCPR vai entregar folders com o conte\u00fado durante a\u00e7\u00f5es realizadas no m\u00eas de agosto, al\u00e9m de distribuir em locais p\u00fablicos.<\/p>\n\n\n\n<figure class=\"wp-block-embed is-type-wp-embed is-provider-studio-w wp-block-embed-studio-w\"><div class=\"wp-block-embed__wrapper\">\n<blockquote class=\"wp-embedded-content\" data-secret=\"h5OWd9RIcm\"><a href=\"https:\/\/radiostudiow.com.br\/site\/2024\/08\/03\/agosto-lilas-conscientizacao-contra-a-violencia-a-mulher\/\">Agosto Lil\u00e1s &#8211; Conscientiza\u00e7\u00e3o contra a viol\u00eancia \u00e0 Mulher<\/a><\/blockquote><iframe loading=\"lazy\" class=\"wp-embedded-content\" sandbox=\"allow-scripts\" security=\"restricted\" style=\"position: absolute; visibility: hidden;\" title=\"&#8220;Agosto Lil\u00e1s &#8211; Conscientiza\u00e7\u00e3o contra a viol\u00eancia \u00e0 Mulher&#8221; &#8212; Studio W\" src=\"https:\/\/radiostudiow.com.br\/site\/2024\/08\/03\/agosto-lilas-conscientizacao-contra-a-violencia-a-mulher\/embed\/#?secret=UfvTFAgFWY#?secret=h5OWd9RIcm\" data-secret=\"h5OWd9RIcm\" width=\"600\" height=\"338\" frameborder=\"0\" marginwidth=\"0\" marginheight=\"0\" scrolling=\"no\"><\/iframe>\n<\/div><\/figure>\n\n\n\n<p><strong>SHAMAR<\/strong><\/p>\n\n\n\n<p>A opera\u00e7\u00e3o recebeu o nome Shamar pela origem hebraica da palavra, que significa cuidar, guardar, zelar, vigiar ou proteger.&nbsp;A Pol\u00edcia Civil ressalta que trabalha constantemente no combate aos crimes contra a mulher, conduzindo investiga\u00e7\u00f5es, solicitando medidas protetivas e realizando pris\u00f5es dos autores. Al\u00e9m disso, solicita a colabora\u00e7\u00e3o da popula\u00e7\u00e3o com informa\u00e7\u00f5es que auxiliem no andamento de investiga\u00e7\u00f5es.<\/p>\n\n\n\n<blockquote class=\"wp-block-quote is-layout-flow wp-block-quote-is-layout-flow\">\n<p>As den\u00fancias podem ser feitas de forma an\u00f4nima, pelos n\u00fameros 197, da PCPR ou 181, do Disque-Den\u00fancia. Se a viol\u00eancia estiver ocorrendo no momento, a Pol\u00edcia Militar deve ser acionada pelo telefone 190.&nbsp;<\/p>\n<\/blockquote>\n","protected":false},"excerpt":{"rendered":"<p>A Pol\u00edcia Civil do Paran\u00e1 (PCPR) iniciou a Opera\u00e7\u00e3o Shamar, que acontece durante o m\u00eas de agosto em todo o Pa\u00eds e \u00e9 coordenada pelo Minist\u00e9rio da Justi\u00e7a e Seguran\u00e7a P\u00fablica (MJSP) em combate \u00e0 viol\u00eancia contra mulher.&nbsp; Durante o per\u00edodo, a PCPR vai intensificar as a\u00e7\u00f5es repressivas de combate \u00e0 viol\u00eancia dom\u00e9stica, com apoio [&hellip;]<\/p>\n","protected":false},"author":2,"featured_media":25583,"comment_status":"open","ping_status":"open","sticky":false,"template":"","format":"standard","meta":{"footnotes":""},"categories":[7],"tags":[172],"class_list":["post-25581","post","type-post","status-publish","format-standard","has-post-thumbnail","hentry","category-geral","tag-featured"],"amp_enabled":true,"_links":{"self":[{"href":"https:\/\/radiostudiow.com.br\/site\/wp-json\/wp\/v2\/posts\/25581","targetHints":{"allow":["GET"]}}],"collection":[{"href":"https:\/\/radiostudiow.com.br\/site\/wp-json\/wp\/v2\/posts"}],"about":[{"href":"https:\/\/radiostudiow.com.br\/site\/wp-json\/wp\/v2\/types\/post"}],"author":[{"embeddable":true,"href":"https:\/\/radiostudiow.com.br\/site\/wp-json\/wp\/v2\/users\/2"}],"replies":[{"embeddable":true,"href":"https:\/\/radiostudiow.com.br\/site\/wp-json\/wp\/v2\/comments?post=25581"}],"version-history":[{"count":2,"href":"https:\/\/radiostudiow.com.br\/site\/wp-json\/wp\/v2\/posts\/25581\/revisions"}],"predecessor-version":[{"id":25584,"href":"https:\/\/radiostudiow.com.br\/site\/wp-json\/wp\/v2\/posts\/25581\/revisions\/25584"}],"wp:featuredmedia":[{"embeddable":true,"href":"https:\/\/radiostudiow.com.br\/site\/wp-json\/wp\/v2\/media\/25583"}],"wp:attachment":[{"href":"https:\/\/radiostudiow.com.br\/site\/wp-json\/wp\/v2\/media?parent=25581"}],"wp:term":[{"taxonomy":"category","embeddable":true,"href":"https:\/\/radiostudiow.com.br\/site\/wp-json\/wp\/v2\/categories?post=25581"},{"taxonomy":"post_tag","embeddable":true,"href":"https:\/\/radiostudiow.com.br\/site\/wp-json\/wp\/v2\/tags?post=25581"}],"curies":[{"name":"wp","href":"https:\/\/api.w.org\/{rel}","templated":true}]}}