{"id":25588,"date":"2024-08-07T10:10:26","date_gmt":"2024-08-07T13:10:26","guid":{"rendered":"https:\/\/radiostudiow.com.br\/site\/?p=25588"},"modified":"2025-01-31T14:59:03","modified_gmt":"2025-01-31T17:59:03","slug":"mulher-aciona-policia-apos-marido-com-sinais-de-embriaguez-chegar-agressivo-em-casa","status":"publish","type":"post","link":"https:\/\/radiostudiow.com.br\/site\/2024\/08\/07\/mulher-aciona-policia-apos-marido-com-sinais-de-embriaguez-chegar-agressivo-em-casa\/","title":{"rendered":"Mulher aciona pol\u00edcia ap\u00f3s marido com sinais de embriaguez chegar agressivo em casa"},"content":{"rendered":"\n<p>A Pol\u00edcia Militar de Uni\u00e3o da Vit\u00f3ria foi acionada para atender uma situa\u00e7\u00e3o de viol\u00eancia dom\u00e9stica em uma resid\u00eancia no bairro de S\u00e3o Crist\u00f3v\u00e3o por volta das 21:41 horas dessa segunda-feira (05).<\/p>\n\n\n\n<p>No local a equipe foi recebida pela solicitante, a qual passou a relatar que seu marido chegou em casa ap\u00f3s o trabalho com sinais de embriaguez.<br>A v\u00edtima relatou que ela e seu marido j\u00e1 haviam discutido no hor\u00e1rio do almo\u00e7o e ele chegou do trabalho agressivo, batendo na porta.<\/p>\n\n\n\n<figure class=\"wp-block-image size-full\"><img loading=\"lazy\" decoding=\"async\" width=\"897\" height=\"204\" src=\"https:\/\/radiostudiow.com.br\/site\/wp-content\/uploads\/2024\/04\/image-19.png\" alt=\"\" class=\"wp-image-21212\" srcset=\"https:\/\/radiostudiow.com.br\/site\/wp-content\/uploads\/2024\/04\/image-19.png 897w, https:\/\/radiostudiow.com.br\/site\/wp-content\/uploads\/2024\/04\/image-19-300x68.png 300w, https:\/\/radiostudiow.com.br\/site\/wp-content\/uploads\/2024\/04\/image-19-768x175.png 768w\" sizes=\"auto, (max-width: 897px) 100vw, 897px\" \/><\/figure>\n\n\n\n<p>Diante da negativa da v\u00edtima de abrir a porta, o autor ficou nervoso e abriu a porta \u00e0 for\u00e7a, momento que a v\u00edtima pulou a janela e o muro.<br>Logo em seguida a mulher acionou os policiais por receio de ser agredida, aguardou a chegada da equipe para retornar ao local.<\/p>\n\n\n\n<p>Diante da situa\u00e7\u00e3o o autor e v\u00edtima foram conduzidos at\u00e9 a 4\u00aa SDP para as provid\u00eancias cab\u00edveis.<\/p>\n","protected":false},"excerpt":{"rendered":"<p>A Pol\u00edcia Militar de Uni\u00e3o da Vit\u00f3ria foi acionada para atender uma situa\u00e7\u00e3o de viol\u00eancia dom\u00e9stica em uma resid\u00eancia no bairro de S\u00e3o Crist\u00f3v\u00e3o por volta das 21:41 horas dessa segunda-feira (05). No local a equipe foi recebida pela solicitante, a qual passou a relatar que seu marido chegou em casa ap\u00f3s o trabalho com [&hellip;]<\/p>\n","protected":false},"author":2,"featured_media":21681,"comment_status":"open","ping_status":"open","sticky":false,"template":"","format":"standard","meta":{"footnotes":""},"categories":[2],"tags":[172],"class_list":["post-25588","post","type-post","status-publish","format-standard","has-post-thumbnail","hentry","category-policial","tag-featured"],"amp_enabled":true,"_links":{"self":[{"href":"https:\/\/radiostudiow.com.br\/site\/wp-json\/wp\/v2\/posts\/25588","targetHints":{"allow":["GET"]}}],"collection":[{"href":"https:\/\/radiostudiow.com.br\/site\/wp-json\/wp\/v2\/posts"}],"about":[{"href":"https:\/\/radiostudiow.com.br\/site\/wp-json\/wp\/v2\/types\/post"}],"author":[{"embeddable":true,"href":"https:\/\/radiostudiow.com.br\/site\/wp-json\/wp\/v2\/users\/2"}],"replies":[{"embeddable":true,"href":"https:\/\/radiostudiow.com.br\/site\/wp-json\/wp\/v2\/comments?post=25588"}],"version-history":[{"count":1,"href":"https:\/\/radiostudiow.com.br\/site\/wp-json\/wp\/v2\/posts\/25588\/revisions"}],"predecessor-version":[{"id":25589,"href":"https:\/\/radiostudiow.com.br\/site\/wp-json\/wp\/v2\/posts\/25588\/revisions\/25589"}],"wp:featuredmedia":[{"embeddable":true,"href":"https:\/\/radiostudiow.com.br\/site\/wp-json\/wp\/v2\/media\/21681"}],"wp:attachment":[{"href":"https:\/\/radiostudiow.com.br\/site\/wp-json\/wp\/v2\/media?parent=25588"}],"wp:term":[{"taxonomy":"category","embeddable":true,"href":"https:\/\/radiostudiow.com.br\/site\/wp-json\/wp\/v2\/categories?post=25588"},{"taxonomy":"post_tag","embeddable":true,"href":"https:\/\/radiostudiow.com.br\/site\/wp-json\/wp\/v2\/tags?post=25588"}],"curies":[{"name":"wp","href":"https:\/\/api.w.org\/{rel}","templated":true}]}}