{"id":25590,"date":"2024-08-07T10:11:56","date_gmt":"2024-08-07T13:11:56","guid":{"rendered":"https:\/\/radiostudiow.com.br\/site\/?p=25590"},"modified":"2025-01-31T14:59:03","modified_gmt":"2025-01-31T17:59:03","slug":"homem-agride-enteado-com-pedaco-de-madeira-em-rio-azul-2","status":"publish","type":"post","link":"https:\/\/radiostudiow.com.br\/site\/2024\/08\/07\/homem-agride-enteado-com-pedaco-de-madeira-em-rio-azul-2\/","title":{"rendered":"Homem agride enteado com peda\u00e7o de madeira em Rio Azul"},"content":{"rendered":"\n<p>A equipe da Pol\u00edcia Militar de Rio Azul foi acionada ap\u00f3s um jovem afirmar que foi agredido pelo padrasto com um peda\u00e7o de madeira. A situa\u00e7\u00e3o foi registrada nessa segunda-feira (05).<\/p>\n\n\n\n<figure class=\"wp-block-image size-full\"><img decoding=\"async\" src=\"https:\/\/radiostudiow.com.br\/site\/wp-content\/uploads\/2024\/04\/SITE-MEDIO.png\" alt=\"\" class=\"wp-image-21854\"\/><\/figure>\n\n\n\n<p>Ap\u00f3s ser atingido, o rapaz fez contato com sua tia, que o retirou do local. Ela levou o sobrinho at\u00e9 o Pelot\u00e3o da PM, onde foi orientado quanto aos procedimentos cab\u00edveis.<\/p>\n","protected":false},"excerpt":{"rendered":"<p>A equipe da Pol\u00edcia Militar de Rio Azul foi acionada ap\u00f3s um jovem afirmar que foi agredido pelo padrasto com um peda\u00e7o de madeira. A situa\u00e7\u00e3o foi registrada nessa segunda-feira (05). Ap\u00f3s ser atingido, o rapaz fez contato com sua tia, que o retirou do local. Ela levou o sobrinho at\u00e9 o Pelot\u00e3o da PM, [&hellip;]<\/p>\n","protected":false},"author":2,"featured_media":25552,"comment_status":"open","ping_status":"open","sticky":false,"template":"","format":"standard","meta":{"footnotes":""},"categories":[2],"tags":[172],"class_list":["post-25590","post","type-post","status-publish","format-standard","has-post-thumbnail","hentry","category-policial","tag-featured"],"amp_enabled":true,"_links":{"self":[{"href":"https:\/\/radiostudiow.com.br\/site\/wp-json\/wp\/v2\/posts\/25590","targetHints":{"allow":["GET"]}}],"collection":[{"href":"https:\/\/radiostudiow.com.br\/site\/wp-json\/wp\/v2\/posts"}],"about":[{"href":"https:\/\/radiostudiow.com.br\/site\/wp-json\/wp\/v2\/types\/post"}],"author":[{"embeddable":true,"href":"https:\/\/radiostudiow.com.br\/site\/wp-json\/wp\/v2\/users\/2"}],"replies":[{"embeddable":true,"href":"https:\/\/radiostudiow.com.br\/site\/wp-json\/wp\/v2\/comments?post=25590"}],"version-history":[{"count":1,"href":"https:\/\/radiostudiow.com.br\/site\/wp-json\/wp\/v2\/posts\/25590\/revisions"}],"predecessor-version":[{"id":25592,"href":"https:\/\/radiostudiow.com.br\/site\/wp-json\/wp\/v2\/posts\/25590\/revisions\/25592"}],"wp:featuredmedia":[{"embeddable":true,"href":"https:\/\/radiostudiow.com.br\/site\/wp-json\/wp\/v2\/media\/25552"}],"wp:attachment":[{"href":"https:\/\/radiostudiow.com.br\/site\/wp-json\/wp\/v2\/media?parent=25590"}],"wp:term":[{"taxonomy":"category","embeddable":true,"href":"https:\/\/radiostudiow.com.br\/site\/wp-json\/wp\/v2\/categories?post=25590"},{"taxonomy":"post_tag","embeddable":true,"href":"https:\/\/radiostudiow.com.br\/site\/wp-json\/wp\/v2\/tags?post=25590"}],"curies":[{"name":"wp","href":"https:\/\/api.w.org\/{rel}","templated":true}]}}