{"id":25618,"date":"2024-08-07T21:07:26","date_gmt":"2024-08-08T00:07:26","guid":{"rendered":"https:\/\/radiostudiow.com.br\/site\/?p=25618"},"modified":"2025-01-31T14:59:02","modified_gmt":"2025-01-31T17:59:02","slug":"acidente-na-auto-via-joao-reolon-deixa-motorista-com-ferimentos-graves","status":"publish","type":"post","link":"https:\/\/radiostudiow.com.br\/site\/2024\/08\/07\/acidente-na-auto-via-joao-reolon-deixa-motorista-com-ferimentos-graves\/","title":{"rendered":"Acidente na Auto Via Jo\u00e3o Reolon deixa motorista com ferimentos graves"},"content":{"rendered":"\n<p>Na manh\u00e3 desta quarta-feira, 7, por volta das 6h44, o Corpo de Bombeiros de Uni\u00e3o da Vit\u00f3ria foi acionado para atender a um acidente de tr\u00e2nsito no bairro S\u00e3o Gabriel, na Rodovia Jo\u00e3o Paulo Reolon.<\/p>\n\n\n\n<figure class=\"wp-block-image size-full\"><img loading=\"lazy\" decoding=\"async\" width=\"897\" height=\"204\" src=\"https:\/\/radiostudiow.com.br\/site\/wp-content\/uploads\/2024\/04\/image-38.png\" alt=\"\" class=\"wp-image-21308\" srcset=\"https:\/\/radiostudiow.com.br\/site\/wp-content\/uploads\/2024\/04\/image-38.png 897w, https:\/\/radiostudiow.com.br\/site\/wp-content\/uploads\/2024\/04\/image-38-300x68.png 300w, https:\/\/radiostudiow.com.br\/site\/wp-content\/uploads\/2024\/04\/image-38-768x175.png 768w\" sizes=\"auto, (max-width: 897px) 100vw, 897px\" \/><\/figure>\n\n\n\n<p>Ao chegarem ao local, os bombeiros encontraram um ve\u00edculo GM\/Celta, com placas de Porto Uni\u00e3o, havia colidido contra um anteparo.&nbsp;Ap\u00f3s o impacto, o carro ficou parado no meio da pista.<\/p>\n\n\n\n<p>O condutor do ve\u00edculo foi resgatado com ferimentos graves e encaminhado ao Hospital Regional S\u00e3o Camilo para atendimento m\u00e9dico.<\/p>\n\n\n\n<p>A Pol\u00edcia Rodovi\u00e1ria Estadual foi acionada e assumiu a responsabilidade pela \u00e1rea, garantindo a seguran\u00e7a e a fluidez do tr\u00e1fego enquanto o incidente era resolvido.<\/p>\n","protected":false},"excerpt":{"rendered":"<p>Na manh\u00e3 desta quarta-feira, 7, por volta das 6h44, o Corpo de Bombeiros de Uni\u00e3o da Vit\u00f3ria foi acionado para atender a um acidente de tr\u00e2nsito no bairro S\u00e3o Gabriel, na Rodovia Jo\u00e3o Paulo Reolon. Ao chegarem ao local, os bombeiros encontraram um ve\u00edculo GM\/Celta, com placas de Porto Uni\u00e3o, havia colidido contra um anteparo.&nbsp;Ap\u00f3s [&hellip;]<\/p>\n","protected":false},"author":2,"featured_media":25619,"comment_status":"open","ping_status":"open","sticky":false,"template":"","format":"standard","meta":{"footnotes":""},"categories":[185],"tags":[172],"class_list":["post-25618","post","type-post","status-publish","format-standard","has-post-thumbnail","hentry","category-regional","tag-featured"],"amp_enabled":true,"_links":{"self":[{"href":"https:\/\/radiostudiow.com.br\/site\/wp-json\/wp\/v2\/posts\/25618","targetHints":{"allow":["GET"]}}],"collection":[{"href":"https:\/\/radiostudiow.com.br\/site\/wp-json\/wp\/v2\/posts"}],"about":[{"href":"https:\/\/radiostudiow.com.br\/site\/wp-json\/wp\/v2\/types\/post"}],"author":[{"embeddable":true,"href":"https:\/\/radiostudiow.com.br\/site\/wp-json\/wp\/v2\/users\/2"}],"replies":[{"embeddable":true,"href":"https:\/\/radiostudiow.com.br\/site\/wp-json\/wp\/v2\/comments?post=25618"}],"version-history":[{"count":2,"href":"https:\/\/radiostudiow.com.br\/site\/wp-json\/wp\/v2\/posts\/25618\/revisions"}],"predecessor-version":[{"id":25635,"href":"https:\/\/radiostudiow.com.br\/site\/wp-json\/wp\/v2\/posts\/25618\/revisions\/25635"}],"wp:featuredmedia":[{"embeddable":true,"href":"https:\/\/radiostudiow.com.br\/site\/wp-json\/wp\/v2\/media\/25619"}],"wp:attachment":[{"href":"https:\/\/radiostudiow.com.br\/site\/wp-json\/wp\/v2\/media?parent=25618"}],"wp:term":[{"taxonomy":"category","embeddable":true,"href":"https:\/\/radiostudiow.com.br\/site\/wp-json\/wp\/v2\/categories?post=25618"},{"taxonomy":"post_tag","embeddable":true,"href":"https:\/\/radiostudiow.com.br\/site\/wp-json\/wp\/v2\/tags?post=25618"}],"curies":[{"name":"wp","href":"https:\/\/api.w.org\/{rel}","templated":true}]}}