{"id":25621,"date":"2024-08-07T21:05:48","date_gmt":"2024-08-08T00:05:48","guid":{"rendered":"https:\/\/radiostudiow.com.br\/site\/?p=25621"},"modified":"2025-01-31T14:59:02","modified_gmt":"2025-01-31T17:59:02","slug":"motorista-morre-apos-carreta-disparar-na-serra-de-bituruna-bate-em-camionete-e-tomba","status":"publish","type":"post","link":"https:\/\/radiostudiow.com.br\/site\/2024\/08\/07\/motorista-morre-apos-carreta-disparar-na-serra-de-bituruna-bate-em-camionete-e-tomba\/","title":{"rendered":"Motorista morre ap\u00f3s carreta disparar na serra de Bituruna, bate em camionete e tomba"},"content":{"rendered":"\n<p>Um grave acidente registrado por volta das 15:30 horas desta quarta-feira, 07 de agosto, na PR-170 na serra de Bituruna e no trevo com a BR-153, deixou uma pessoa morta.<\/p>\n\n\n\n<figure class=\"wp-block-image size-full\"><img decoding=\"async\" src=\"https:\/\/radiostudiow.com.br\/site\/wp-content\/uploads\/2024\/04\/SITE-MEDIO.png\" alt=\"\" class=\"wp-image-21854\"\/><\/figure>\n\n\n\n<p>Conforme informa\u00e7\u00f5es, uma carreta carregada de caixas de leite condensado perdeu o controle na serra ap\u00f3s apresentar problemas nos freios, colidiu em uma camionete, jogando a mesma para fora da pista. A carreta seguiu desgovernada, vindo a tombar no trevo com a BR-153.<\/p>\n\n\n\n<p>O motorista da carreta n\u00e3o resistiu aos ferimentos e acabou entrando em \u00f3bito no local. O Corpo de Bombeiros teve trabalho para fazer a retirar do corpo das ferragens, sendo na sequ\u00eancia encaminhado ao Instituto M\u00e9dico Legal \u2013 IML.<\/p>\n\n\n\n<p>O motorista da camionete que foi atingida pela carreta na serra, foi socorrido e encaminhado para o hospital.<\/p>\n\n\n\n<figure class=\"wp-block-image size-full\"><img loading=\"lazy\" decoding=\"async\" width=\"500\" height=\"281\" src=\"https:\/\/radiostudiow.com.br\/site\/wp-content\/uploads\/2024\/08\/02-2.jpeg\" alt=\"\" class=\"wp-image-25623\" srcset=\"https:\/\/radiostudiow.com.br\/site\/wp-content\/uploads\/2024\/08\/02-2.jpeg 500w, https:\/\/radiostudiow.com.br\/site\/wp-content\/uploads\/2024\/08\/02-2-300x169.jpeg 300w\" sizes=\"auto, (max-width: 500px) 100vw, 500px\" \/><\/figure>\n","protected":false},"excerpt":{"rendered":"<p>Um grave acidente registrado por volta das 15:30 horas desta quarta-feira, 07 de agosto, na PR-170 na serra de Bituruna e no trevo com a BR-153, deixou uma pessoa morta. Conforme informa\u00e7\u00f5es, uma carreta carregada de caixas de leite condensado perdeu o controle na serra ap\u00f3s apresentar problemas nos freios, colidiu em uma camionete, jogando [&hellip;]<\/p>\n","protected":false},"author":2,"featured_media":25622,"comment_status":"open","ping_status":"open","sticky":false,"template":"","format":"standard","meta":{"footnotes":""},"categories":[185],"tags":[172],"class_list":["post-25621","post","type-post","status-publish","format-standard","has-post-thumbnail","hentry","category-regional","tag-featured"],"amp_enabled":true,"_links":{"self":[{"href":"https:\/\/radiostudiow.com.br\/site\/wp-json\/wp\/v2\/posts\/25621","targetHints":{"allow":["GET"]}}],"collection":[{"href":"https:\/\/radiostudiow.com.br\/site\/wp-json\/wp\/v2\/posts"}],"about":[{"href":"https:\/\/radiostudiow.com.br\/site\/wp-json\/wp\/v2\/types\/post"}],"author":[{"embeddable":true,"href":"https:\/\/radiostudiow.com.br\/site\/wp-json\/wp\/v2\/users\/2"}],"replies":[{"embeddable":true,"href":"https:\/\/radiostudiow.com.br\/site\/wp-json\/wp\/v2\/comments?post=25621"}],"version-history":[{"count":2,"href":"https:\/\/radiostudiow.com.br\/site\/wp-json\/wp\/v2\/posts\/25621\/revisions"}],"predecessor-version":[{"id":25634,"href":"https:\/\/radiostudiow.com.br\/site\/wp-json\/wp\/v2\/posts\/25621\/revisions\/25634"}],"wp:featuredmedia":[{"embeddable":true,"href":"https:\/\/radiostudiow.com.br\/site\/wp-json\/wp\/v2\/media\/25622"}],"wp:attachment":[{"href":"https:\/\/radiostudiow.com.br\/site\/wp-json\/wp\/v2\/media?parent=25621"}],"wp:term":[{"taxonomy":"category","embeddable":true,"href":"https:\/\/radiostudiow.com.br\/site\/wp-json\/wp\/v2\/categories?post=25621"},{"taxonomy":"post_tag","embeddable":true,"href":"https:\/\/radiostudiow.com.br\/site\/wp-json\/wp\/v2\/tags?post=25621"}],"curies":[{"name":"wp","href":"https:\/\/api.w.org\/{rel}","templated":true}]}}