{"id":25626,"date":"2024-08-07T21:01:49","date_gmt":"2024-08-08T00:01:49","guid":{"rendered":"https:\/\/radiostudiow.com.br\/site\/?p=25626"},"modified":"2025-01-31T14:59:03","modified_gmt":"2025-01-31T17:59:03","slug":"homem-e-preso-por-embriaguez-ao-volante-em-uniao-da-vitoria-2","status":"publish","type":"post","link":"https:\/\/radiostudiow.com.br\/site\/2024\/08\/07\/homem-e-preso-por-embriaguez-ao-volante-em-uniao-da-vitoria-2\/","title":{"rendered":"Homem \u00e9 preso por embriaguez ao volante em Uni\u00e3o da Vit\u00f3ria"},"content":{"rendered":"\n<p>A equipe da Pol\u00edcia Militar de Uni\u00e3o da Vit\u00f3ria foi acionada via Copom para averiguar situa\u00e7\u00e3o de embriaguez ao volante no bairro S\u00e3o Joaquim por volta das 12:15 horas dessa ter\u00e7a-feira (07).<\/p>\n\n\n\n<figure class=\"wp-block-image size-large\"><img loading=\"lazy\" decoding=\"async\" width=\"1024\" height=\"390\" src=\"https:\/\/radiostudiow.com.br\/site\/wp-content\/uploads\/2024\/06\/449383450_900410565459867_7398886830294326458_n-1024x390.png\" alt=\"\" class=\"wp-image-24042\" srcset=\"https:\/\/radiostudiow.com.br\/site\/wp-content\/uploads\/2024\/06\/449383450_900410565459867_7398886830294326458_n-1024x390.png 1024w, https:\/\/radiostudiow.com.br\/site\/wp-content\/uploads\/2024\/06\/449383450_900410565459867_7398886830294326458_n-300x114.png 300w, https:\/\/radiostudiow.com.br\/site\/wp-content\/uploads\/2024\/06\/449383450_900410565459867_7398886830294326458_n-768x292.png 768w, https:\/\/radiostudiow.com.br\/site\/wp-content\/uploads\/2024\/06\/449383450_900410565459867_7398886830294326458_n-1536x584.png 1536w, https:\/\/radiostudiow.com.br\/site\/wp-content\/uploads\/2024\/06\/449383450_900410565459867_7398886830294326458_n-2048x779.png 2048w\" sizes=\"auto, (max-width: 1024px) 100vw, 1024px\" \/><\/figure>\n\n\n\n<p>No local, a equipe policial verificou que havia um ve\u00edculo parado na via, encostado em uma placa de tr\u00e2nsito. Em ato cont\u00ednuo, um homem fez contato com os policiais, o qual passou a relatar que estava dirigindo o referido ve\u00edculo, quando perdeu o controle da dire\u00e7\u00e3o e colidiu com a placa.<\/p>\n\n\n\n<p>Foi oferecido o etil\u00f4metro, que optou por realizar o teste, o qual veio a aferir 1,10 mg de \u00e1lcool por litro de sangue.<\/p>\n\n\n\n<p>Diante dos fatos, foi dada voz de pris\u00e3o em flagrante conduzido at\u00e9 a 4\u00aa SDP para aprecia\u00e7\u00e3o dos fatos pela autoridade policial.<\/p>\n","protected":false},"excerpt":{"rendered":"<p>A equipe da Pol\u00edcia Militar de Uni\u00e3o da Vit\u00f3ria foi acionada via Copom para averiguar situa\u00e7\u00e3o de embriaguez ao volante no bairro S\u00e3o Joaquim por volta das 12:15 horas dessa ter\u00e7a-feira (07). No local, a equipe policial verificou que havia um ve\u00edculo parado na via, encostado em uma placa de tr\u00e2nsito. Em ato cont\u00ednuo, um [&hellip;]<\/p>\n","protected":false},"author":2,"featured_media":20850,"comment_status":"open","ping_status":"open","sticky":false,"template":"","format":"standard","meta":{"footnotes":""},"categories":[2],"tags":[172],"class_list":["post-25626","post","type-post","status-publish","format-standard","has-post-thumbnail","hentry","category-policial","tag-featured"],"amp_enabled":true,"_links":{"self":[{"href":"https:\/\/radiostudiow.com.br\/site\/wp-json\/wp\/v2\/posts\/25626","targetHints":{"allow":["GET"]}}],"collection":[{"href":"https:\/\/radiostudiow.com.br\/site\/wp-json\/wp\/v2\/posts"}],"about":[{"href":"https:\/\/radiostudiow.com.br\/site\/wp-json\/wp\/v2\/types\/post"}],"author":[{"embeddable":true,"href":"https:\/\/radiostudiow.com.br\/site\/wp-json\/wp\/v2\/users\/2"}],"replies":[{"embeddable":true,"href":"https:\/\/radiostudiow.com.br\/site\/wp-json\/wp\/v2\/comments?post=25626"}],"version-history":[{"count":2,"href":"https:\/\/radiostudiow.com.br\/site\/wp-json\/wp\/v2\/posts\/25626\/revisions"}],"predecessor-version":[{"id":25629,"href":"https:\/\/radiostudiow.com.br\/site\/wp-json\/wp\/v2\/posts\/25626\/revisions\/25629"}],"wp:featuredmedia":[{"embeddable":true,"href":"https:\/\/radiostudiow.com.br\/site\/wp-json\/wp\/v2\/media\/20850"}],"wp:attachment":[{"href":"https:\/\/radiostudiow.com.br\/site\/wp-json\/wp\/v2\/media?parent=25626"}],"wp:term":[{"taxonomy":"category","embeddable":true,"href":"https:\/\/radiostudiow.com.br\/site\/wp-json\/wp\/v2\/categories?post=25626"},{"taxonomy":"post_tag","embeddable":true,"href":"https:\/\/radiostudiow.com.br\/site\/wp-json\/wp\/v2\/tags?post=25626"}],"curies":[{"name":"wp","href":"https:\/\/api.w.org\/{rel}","templated":true}]}}