{"id":25637,"date":"2024-06-04T09:30:39","date_gmt":"2024-06-04T12:30:39","guid":{"rendered":"https:\/\/radiostudiow.com.br\/site\/?p=25637"},"modified":"2024-08-08T09:37:50","modified_gmt":"2024-08-08T12:37:50","slug":"apae-de-mallet-convoca-assembleia-geral-extraordinaria-para-alteracao-estatutaria","status":"publish","type":"post","link":"https:\/\/radiostudiow.com.br\/site\/2024\/06\/04\/apae-de-mallet-convoca-assembleia-geral-extraordinaria-para-alteracao-estatutaria\/","title":{"rendered":"APAE de Mallet Convoca Assembleia Geral Extraordin\u00e1ria para Altera\u00e7\u00e3o Estatut\u00e1ria"},"content":{"rendered":"\n<p>A Associa\u00e7\u00e3o de Pais e Amigos dos Excepcionais (APAE) de Mallet publicou um edital para convocar uma Assembleia Geral Extraordin\u00e1ria, marcada para o dia 4 de julho de 2024, \u00e0s 17 horas.<\/p>\n\n\n\n<p>A reuni\u00e3o ocorrer\u00e1 na sede da APAE e visa deliberar sobre altera\u00e7\u00f5es no estatuto da organiza\u00e7\u00e3o.<\/p>\n\n\n\n<p>A presidente da institui\u00e7\u00e3o, Maria Regina Miranda, ressaltou que a convoca\u00e7\u00e3o se faz necess\u00e1ria para homologar as altera\u00e7\u00f5es estatut\u00e1rias propostas pelo Conselho de Administra\u00e7\u00e3o da Federa\u00e7\u00e3o Nacional das APAES em 25 de abril de 2024.<\/p>\n\n\n\n<p>A participa\u00e7\u00e3o e o voto dos associados ser\u00e3o fundamentais para a efetiva\u00e7\u00e3o dessas mudan\u00e7as.<\/p>\n\n\n\n<h4 class=\"wp-block-heading\"><strong>Participa\u00e7\u00e3o na Assembleia<\/strong><\/h4>\n\n\n\n<p>A Assembleia Geral contar\u00e1 com a presen\u00e7a de associados especiais e contribuintes que estejam quites com suas obriga\u00e7\u00f5es sociais e financeiras.<\/p>\n\n\n\n<p>Para exercer o direito de voto, os associados especiais devem comprovar matr\u00edcula e frequ\u00eancia regular de, no m\u00ednimo, um ano nos programas de atendimento da APAE.<\/p>\n\n\n\n<p>J\u00e1 os associados contribuintes precisam ter pelo menos um ano de ades\u00e3o ao quadro de associados da APAE, al\u00e9m de estarem em dia com suas obriga\u00e7\u00f5es.<\/p>\n\n\n\n<p>A presidente Maria Regina Miranda destacou que a primeira convoca\u00e7\u00e3o da assembleia exigir\u00e1 a presen\u00e7a da maioria dos associados. Caso n\u00e3o seja alcan\u00e7ado o qu\u00f3rum necess\u00e1rio, a assembleia ser\u00e1 realizada em segunda convoca\u00e7\u00e3o, com qualquer n\u00famero de presentes.<\/p>\n\n\n\n<h4 class=\"wp-block-heading\"><strong>Import\u00e2ncia das Altera\u00e7\u00f5es Estatut\u00e1rias<\/strong><\/h4>\n\n\n\n<p>As altera\u00e7\u00f5es propostas t\u00eam como objetivo alinhar o estatuto da APAE de Mallet com as diretrizes nacionais da Federa\u00e7\u00e3o, assegurando o cumprimento de normas e o aprimoramento dos servi\u00e7os oferecidos pela institui\u00e7\u00e3o.<\/p>\n\n\n\n<p>Em entrevista \u00e0 R\u00e1dio Studio W, a presidente da APAE de Mallet comentou sobre a grande import\u00e2ncia da presen\u00e7a dos associados nesta assembleia: \u201cA participa\u00e7\u00e3o dos associados \u00e9 essencial para garantirmos que a APAE continue a desenvolver seu trabalho com excel\u00eancia, adaptando-se \u00e0s novas exig\u00eancias e mantendo o foco no atendimento de qualidade aos excepcionais\u201d, afirmou Maria Regina Miranda \u00e0 nossa reportagem.<\/p>\n\n\n\n<p>Ou seja, a APAE de Mallet destaca a import\u00e2ncia da presen\u00e7a dos associados na Assembleia Geral Extraordin\u00e1ria e espera contar com a colabora\u00e7\u00e3o de todos para a aprova\u00e7\u00e3o das mudan\u00e7as propostas.<\/p>\n\n\n\n<figure class=\"wp-block-image size-large\"><img loading=\"lazy\" decoding=\"async\" width=\"724\" height=\"1024\" src=\"https:\/\/radiostudiow.com.br\/site\/wp-content\/uploads\/2024\/08\/Imagem-do-WhatsApp-de-2024-08-08-as-09.32.44_5fedf775-724x1024.jpg\" alt=\"\" class=\"wp-image-25638\" srcset=\"https:\/\/radiostudiow.com.br\/site\/wp-content\/uploads\/2024\/08\/Imagem-do-WhatsApp-de-2024-08-08-as-09.32.44_5fedf775-724x1024.jpg 724w, https:\/\/radiostudiow.com.br\/site\/wp-content\/uploads\/2024\/08\/Imagem-do-WhatsApp-de-2024-08-08-as-09.32.44_5fedf775-212x300.jpg 212w, https:\/\/radiostudiow.com.br\/site\/wp-content\/uploads\/2024\/08\/Imagem-do-WhatsApp-de-2024-08-08-as-09.32.44_5fedf775-768x1086.jpg 768w, https:\/\/radiostudiow.com.br\/site\/wp-content\/uploads\/2024\/08\/Imagem-do-WhatsApp-de-2024-08-08-as-09.32.44_5fedf775-1086x1536.jpg 1086w, https:\/\/radiostudiow.com.br\/site\/wp-content\/uploads\/2024\/08\/Imagem-do-WhatsApp-de-2024-08-08-as-09.32.44_5fedf775.jpg 1131w\" sizes=\"auto, (max-width: 724px) 100vw, 724px\" \/><\/figure>\n","protected":false},"excerpt":{"rendered":"<p>A Associa\u00e7\u00e3o de Pais e Amigos dos Excepcionais (APAE) de Mallet publicou um edital para convocar uma Assembleia Geral Extraordin\u00e1ria, marcada para o dia 4 de julho de 2024, \u00e0s 17 horas. A reuni\u00e3o ocorrer\u00e1 na sede da APAE e visa deliberar sobre altera\u00e7\u00f5es no estatuto da organiza\u00e7\u00e3o. A presidente da institui\u00e7\u00e3o, Maria Regina Miranda, [&hellip;]<\/p>\n","protected":false},"author":2,"featured_media":25639,"comment_status":"closed","ping_status":"closed","sticky":false,"template":"","format":"standard","meta":{"footnotes":""},"categories":[184],"tags":[],"class_list":["post-25637","post","type-post","status-publish","format-standard","has-post-thumbnail","hentry","category-local"],"amp_enabled":false,"_links":{"self":[{"href":"https:\/\/radiostudiow.com.br\/site\/wp-json\/wp\/v2\/posts\/25637","targetHints":{"allow":["GET"]}}],"collection":[{"href":"https:\/\/radiostudiow.com.br\/site\/wp-json\/wp\/v2\/posts"}],"about":[{"href":"https:\/\/radiostudiow.com.br\/site\/wp-json\/wp\/v2\/types\/post"}],"author":[{"embeddable":true,"href":"https:\/\/radiostudiow.com.br\/site\/wp-json\/wp\/v2\/users\/2"}],"replies":[{"embeddable":true,"href":"https:\/\/radiostudiow.com.br\/site\/wp-json\/wp\/v2\/comments?post=25637"}],"version-history":[{"count":1,"href":"https:\/\/radiostudiow.com.br\/site\/wp-json\/wp\/v2\/posts\/25637\/revisions"}],"predecessor-version":[{"id":25640,"href":"https:\/\/radiostudiow.com.br\/site\/wp-json\/wp\/v2\/posts\/25637\/revisions\/25640"}],"wp:featuredmedia":[{"embeddable":true,"href":"https:\/\/radiostudiow.com.br\/site\/wp-json\/wp\/v2\/media\/25639"}],"wp:attachment":[{"href":"https:\/\/radiostudiow.com.br\/site\/wp-json\/wp\/v2\/media?parent=25637"}],"wp:term":[{"taxonomy":"category","embeddable":true,"href":"https:\/\/radiostudiow.com.br\/site\/wp-json\/wp\/v2\/categories?post=25637"},{"taxonomy":"post_tag","embeddable":true,"href":"https:\/\/radiostudiow.com.br\/site\/wp-json\/wp\/v2\/tags?post=25637"}],"curies":[{"name":"wp","href":"https:\/\/api.w.org\/{rel}","templated":true}]}}