{"id":25683,"date":"2024-08-09T10:37:11","date_gmt":"2024-08-09T13:37:11","guid":{"rendered":"https:\/\/radiostudiow.com.br\/site\/?p=25683"},"modified":"2025-01-31T14:59:02","modified_gmt":"2025-01-31T17:59:02","slug":"com-colheita-no-fim-produtor-de-milho-paranaense-recebe-12-a-mais-que-em-agosto-de-2023","status":"publish","type":"post","link":"https:\/\/radiostudiow.com.br\/site\/2024\/08\/09\/com-colheita-no-fim-produtor-de-milho-paranaense-recebe-12-a-mais-que-em-agosto-de-2023\/","title":{"rendered":"Com colheita no fim, produtor de milho paranaense recebe 12% a mais que em agosto de 2023"},"content":{"rendered":"\n<p>A colheita do milho de segunda safra 2023\/24 est\u00e1 se aproximando do final no Paran\u00e1. E uma boa not\u00edcia para o produtor \u00e9 que o pre\u00e7o recebido pela saca de 60 quilos fechou em R$ 49,96 nesta \u00faltima semana, representando alta de 12% sobre os R$ 44,51 pagos em agosto do ano passado.<\/p>\n\n\n\n<p>O desempenho do pre\u00e7o no mercado interno caminhou no lado oposto ao que foi observado na cota\u00e7\u00e3o da commodity na Bolsa de Chicago (EUA), que caiu 16% no mesmo per\u00edodo. Em agosto do ano passado o bushel estava a US$ 479,50 e baixou para US$ 401,62 agora. Bushel \u00e9 a unidade internacional de medida de mercadorias s\u00f3lidas e secas. No caso do milho, um bushel equivale a 25,401 quilos.<\/p>\n\n\n\n<figure class=\"wp-block-image size-full\"><img loading=\"lazy\" decoding=\"async\" width=\"897\" height=\"204\" src=\"https:\/\/radiostudiow.com.br\/site\/wp-content\/uploads\/2024\/04\/image-50.png\" alt=\"\" class=\"wp-image-21368\" srcset=\"https:\/\/radiostudiow.com.br\/site\/wp-content\/uploads\/2024\/04\/image-50.png 897w, https:\/\/radiostudiow.com.br\/site\/wp-content\/uploads\/2024\/04\/image-50-300x68.png 300w, https:\/\/radiostudiow.com.br\/site\/wp-content\/uploads\/2024\/04\/image-50-768x175.png 768w\" sizes=\"auto, (max-width: 897px) 100vw, 897px\" \/><\/figure>\n\n\n\n<p><em>\u201cOs pre\u00e7os mais altos no mercado interno est\u00e3o sustentados pela alta do d\u00f3lar, que subiu mais de 12%, e pela menor disponibilidade do produto\u201d, <\/em>destacou o analista da cultura no Departamento de Economia Rural (Deral), Edmar Gerv\u00e1sio, em texto publicado no\u00a0<strong>Boletim de Conjuntura Agropecu\u00e1ria<\/strong>\u00a0referente \u00e0 semana de 2 a 8 de agosto.<\/p>\n\n\n\n<p>No entanto, ele ponderou que o cen\u00e1rio \u00e9 t\u00eanue, visto que oscila\u00e7\u00f5es negativas no d\u00f3lar tendem a pressionar os pre\u00e7os para baixo. <em>\u201cAl\u00e9m disso, logo teremos o in\u00edcio da colheita americana e, confirmando uma safra normal, \u00e9 prov\u00e1vel uma press\u00e3o ainda maior nos pre\u00e7os do mercado internacional\u201d, <\/em>disse.<\/p>\n\n\n\n<p>No Paran\u00e1 a colheita avan\u00e7ou e atingiu 92% da \u00e1rea de 2,5 milh\u00f5es de hectares de milho da segunda safra 23\/24. A estimativa \u00e9 que a safra forne\u00e7a 12,9 milh\u00f5es de toneladas ao mercado.<\/p>\n\n\n\n<p><strong>TRIGO<\/strong>&nbsp;\u2013 A colheita do trigo chegou a 1% dos 1,16 milh\u00e3o de hectares plantados, mas por enquanto a produtividade n\u00e3o tem correspondido \u00e0s expectativas e nessas primeiras \u00e1reas dificilmente os custos ser\u00e3o cobertos. O trabalho se concentra basicamente no Norte do Estado, que foi bastante impactado pela seca entre final de maio e in\u00edcio de junho.<\/p>\n\n\n\n<p>A estiagem prolongada, com alguns munic\u00edpios ficando 40 dias sem chuva, \u00e9 respons\u00e1vel por 14% das lavouras estarem classificadas como em situa\u00e7\u00e3o ruim. Desse volume, 70% est\u00e3o no Norte. Outros 21% de lavouras t\u00eam condi\u00e7\u00e3o m\u00e9dia e 65% j\u00e1 podem ser consideradas boas ap\u00f3s sofrerem inicialmente e alcan\u00e7arem estabilidade positiva nas \u00faltimas semanas.<\/p>\n\n\n\n<figure class=\"wp-block-image size-full\"><img loading=\"lazy\" decoding=\"async\" width=\"900\" height=\"408\" src=\"https:\/\/radiostudiow.com.br\/site\/wp-content\/uploads\/2024\/04\/image-21.png\" alt=\"\" class=\"wp-image-21214\" srcset=\"https:\/\/radiostudiow.com.br\/site\/wp-content\/uploads\/2024\/04\/image-21.png 900w, https:\/\/radiostudiow.com.br\/site\/wp-content\/uploads\/2024\/04\/image-21-300x136.png 300w, https:\/\/radiostudiow.com.br\/site\/wp-content\/uploads\/2024\/04\/image-21-768x348.png 768w\" sizes=\"auto, (max-width: 900px) 100vw, 900px\" \/><\/figure>\n\n\n\n<p><strong>LEITE<\/strong>&nbsp;\u2013 O boletim do Deral comenta ainda dados do Centro de Estudos Avan\u00e7ados em Economia Aplicada (Cepea) que mostra ter sido junho um m\u00eas de alta no pre\u00e7o e na capta\u00e7\u00e3o de leite. O produto ficou 1,3% mais caro em compara\u00e7\u00e3o com maio, mesmo assim em escalada mais lenta que no mesmo per\u00edodo de anos anteriores.<\/p>\n\n\n\n<p>Essa baixa intensidade na evolu\u00e7\u00e3o do pre\u00e7o \u00e9 consequ\u00eancia da disponibilidade maior de leite do que a esperada pela ind\u00fastria. O aumento foi de 4,14%. Os dados de julho apontam para a mesma dire\u00e7\u00e3o. O inverno pouco rigoroso e a safra de milho praticamente toda colhida contribuem para que 2024 seja ano sem muitas turbul\u00eancias no mercado l\u00e1cteo.<\/p>\n\n\n\n<p><strong>FRUTAS<\/strong>&nbsp;\u2013 A fruticultura tem registrado participa\u00e7\u00e3o de 1% a 2% no Valor Bruto da Produ\u00e7\u00e3o agropecu\u00e1ria (VBP) do Paran\u00e1 nos \u00faltimos anos. Em 2023, dos R$ 197,8 bilh\u00f5es de renda gerada no campo, R$ 2,8 bilh\u00f5es (1,4%) referem-se \u00e0s 35 frutas cultivadas no Estado.<\/p>\n\n\n\n<p>No entanto, o documento do Deral registra que, independentemente dessa participa\u00e7\u00e3o diminuta, a fruticultura tem grande import\u00e2ncia para as regi\u00f5es e munic\u00edpios onde est\u00e1 inserida. Ela \u00e9 geradora de renda e de empregos em todos os elos da cadeia de produ\u00e7\u00e3o, tanto no campo quanto na cidade.<\/p>\n\n\n\n<figure class=\"wp-block-image size-full\"><img decoding=\"async\" src=\"https:\/\/radiostudiow.com.br\/site\/wp-content\/uploads\/2024\/04\/image-42.png\" alt=\"\" class=\"wp-image-21334\"\/><\/figure>\n\n\n\n<p><strong>MEL<\/strong>&nbsp;\u2013 O Agrostat, plataforma do Minist\u00e9rio da Agricultura e Pecu\u00e1ria que acompanha o com\u00e9rcio exterior do setor agropecu\u00e1rio, registrou exporta\u00e7\u00e3o de 17.683 toneladas de mel in natura no primeiro semestre de 2024. O volume \u00e9 5,4% superior \u00e0s 14.903 toneladas do mesmo per\u00edodo de 2023. No entanto, o valor reduziu em 8,5%, passando de US$ 49,2 milh\u00f5es para US$ 45 milh\u00f5es.<\/p>\n\n\n\n<p>O Paran\u00e1 ocupou a quarta posi\u00e7\u00e3o com 1.690 toneladas enviadas ao Exterior e receita cambial de US$ 4,1 milh\u00f5es. No primeiro semestre de 2023 o Estado tinha exportado 986 toneladas, com faturamento de US$ 2,9 milh\u00f5es. Piau\u00ed, Minas Gerais e Santa Catarina s\u00e3o os tr\u00eas principais exportadores brasileiros de mel.<\/p>\n\n\n\n<p><strong>OVOS<\/strong>&nbsp;\u2013 O Agrostat tamb\u00e9m contabilizou exporta\u00e7\u00e3o de 22.925 toneladas de ovos no primeiro semestre, com entrada de US$ 83,2 milh\u00f5es. Comparativamente ao mesmo per\u00edodo de 2023 houve queda de 22,4% no volume, que era de 29.578 toneladas, e de 24,6% em faturamento (US$ 110,3 milh\u00f5es).<\/p>\n\n\n\n<p>O Paran\u00e1 \u00e9 o segundo maior exportador brasileiro e registrou 5.515 toneladas com receita de US$ 23,3 milh\u00f5es nos seis primeiros meses. Isso representa crescimento de 48,2% sobre as 3.712 toneladas do ano passado e 24,5% a mais em faturamento, que tinha sido de US$ 18,7 milh\u00f5es. S\u00e3o Paulo liderou a exporta\u00e7\u00e3o, com 6.789 toneladas e US$ 30,1 milh\u00f5es de receita.<\/p>\n","protected":false},"excerpt":{"rendered":"<p>A colheita do milho de segunda safra 2023\/24 est\u00e1 se aproximando do final no Paran\u00e1. E uma boa not\u00edcia para o produtor \u00e9 que o pre\u00e7o recebido pela saca de 60 quilos fechou em R$ 49,96 nesta \u00faltima semana, representando alta de 12% sobre os R$ 44,51 pagos em agosto do ano passado. O desempenho [&hellip;]<\/p>\n","protected":false},"author":2,"featured_media":25684,"comment_status":"open","ping_status":"open","sticky":false,"template":"","format":"standard","meta":{"footnotes":""},"categories":[7],"tags":[172],"class_list":["post-25683","post","type-post","status-publish","format-standard","has-post-thumbnail","hentry","category-geral","tag-featured"],"amp_enabled":true,"_links":{"self":[{"href":"https:\/\/radiostudiow.com.br\/site\/wp-json\/wp\/v2\/posts\/25683","targetHints":{"allow":["GET"]}}],"collection":[{"href":"https:\/\/radiostudiow.com.br\/site\/wp-json\/wp\/v2\/posts"}],"about":[{"href":"https:\/\/radiostudiow.com.br\/site\/wp-json\/wp\/v2\/types\/post"}],"author":[{"embeddable":true,"href":"https:\/\/radiostudiow.com.br\/site\/wp-json\/wp\/v2\/users\/2"}],"replies":[{"embeddable":true,"href":"https:\/\/radiostudiow.com.br\/site\/wp-json\/wp\/v2\/comments?post=25683"}],"version-history":[{"count":2,"href":"https:\/\/radiostudiow.com.br\/site\/wp-json\/wp\/v2\/posts\/25683\/revisions"}],"predecessor-version":[{"id":25686,"href":"https:\/\/radiostudiow.com.br\/site\/wp-json\/wp\/v2\/posts\/25683\/revisions\/25686"}],"wp:featuredmedia":[{"embeddable":true,"href":"https:\/\/radiostudiow.com.br\/site\/wp-json\/wp\/v2\/media\/25684"}],"wp:attachment":[{"href":"https:\/\/radiostudiow.com.br\/site\/wp-json\/wp\/v2\/media?parent=25683"}],"wp:term":[{"taxonomy":"category","embeddable":true,"href":"https:\/\/radiostudiow.com.br\/site\/wp-json\/wp\/v2\/categories?post=25683"},{"taxonomy":"post_tag","embeddable":true,"href":"https:\/\/radiostudiow.com.br\/site\/wp-json\/wp\/v2\/tags?post=25683"}],"curies":[{"name":"wp","href":"https:\/\/api.w.org\/{rel}","templated":true}]}}