{"id":25693,"date":"2024-08-09T11:22:42","date_gmt":"2024-08-09T14:22:42","guid":{"rendered":"https:\/\/radiostudiow.com.br\/site\/?p=25693"},"modified":"2025-01-31T14:59:02","modified_gmt":"2025-01-31T17:59:02","slug":"pm-de-uniao-da-vitoria-cumpre-mandado-de-prisao-2","status":"publish","type":"post","link":"https:\/\/radiostudiow.com.br\/site\/2024\/08\/09\/pm-de-uniao-da-vitoria-cumpre-mandado-de-prisao-2\/","title":{"rendered":"PM de Uni\u00e3o da Vit\u00f3ria cumpre mandado de pris\u00e3o"},"content":{"rendered":"\n<p>A equipe da Pol\u00edcia Militar de Uni\u00e3o da Vit\u00f3ria estava realizando patrulhamento pelo bairro S\u00e3o Br\u00e1s, distrito de S\u00e3o Crist\u00f3v\u00e3o, quando avisto um suspeito com mandado de pris\u00e3o em aberto.<\/p>\n\n\n\n<figure class=\"wp-block-image size-full\"><img loading=\"lazy\" decoding=\"async\" width=\"590\" height=\"204\" src=\"https:\/\/radiostudiow.com.br\/site\/wp-content\/uploads\/2024\/04\/image-9.png\" alt=\"\" class=\"wp-image-21181\" srcset=\"https:\/\/radiostudiow.com.br\/site\/wp-content\/uploads\/2024\/04\/image-9.png 590w, https:\/\/radiostudiow.com.br\/site\/wp-content\/uploads\/2024\/04\/image-9-300x104.png 300w\" sizes=\"auto, (max-width: 590px) 100vw, 590px\" \/><\/figure>\n\n\n\n<p>A situa\u00e7\u00e3o foi registrado por volta das 09 horas dessa quinta-feira, 08 de agosto. O indiv\u00edduo foi abordado recebeu voz de pris\u00e3o e foi conduzido at\u00e9 o DEPEN de Uni\u00e3o da Vit\u00f3ria.<\/p>\n","protected":false},"excerpt":{"rendered":"<p>A equipe da Pol\u00edcia Militar de Uni\u00e3o da Vit\u00f3ria estava realizando patrulhamento pelo bairro S\u00e3o Br\u00e1s, distrito de S\u00e3o Crist\u00f3v\u00e3o, quando avisto um suspeito com mandado de pris\u00e3o em aberto. A situa\u00e7\u00e3o foi registrado por volta das 09 horas dessa quinta-feira, 08 de agosto. O indiv\u00edduo foi abordado recebeu voz de pris\u00e3o e foi conduzido [&hellip;]<\/p>\n","protected":false},"author":2,"featured_media":20848,"comment_status":"open","ping_status":"open","sticky":false,"template":"","format":"standard","meta":{"footnotes":""},"categories":[2],"tags":[172],"class_list":["post-25693","post","type-post","status-publish","format-standard","has-post-thumbnail","hentry","category-policial","tag-featured"],"amp_enabled":true,"_links":{"self":[{"href":"https:\/\/radiostudiow.com.br\/site\/wp-json\/wp\/v2\/posts\/25693","targetHints":{"allow":["GET"]}}],"collection":[{"href":"https:\/\/radiostudiow.com.br\/site\/wp-json\/wp\/v2\/posts"}],"about":[{"href":"https:\/\/radiostudiow.com.br\/site\/wp-json\/wp\/v2\/types\/post"}],"author":[{"embeddable":true,"href":"https:\/\/radiostudiow.com.br\/site\/wp-json\/wp\/v2\/users\/2"}],"replies":[{"embeddable":true,"href":"https:\/\/radiostudiow.com.br\/site\/wp-json\/wp\/v2\/comments?post=25693"}],"version-history":[{"count":1,"href":"https:\/\/radiostudiow.com.br\/site\/wp-json\/wp\/v2\/posts\/25693\/revisions"}],"predecessor-version":[{"id":25694,"href":"https:\/\/radiostudiow.com.br\/site\/wp-json\/wp\/v2\/posts\/25693\/revisions\/25694"}],"wp:featuredmedia":[{"embeddable":true,"href":"https:\/\/radiostudiow.com.br\/site\/wp-json\/wp\/v2\/media\/20848"}],"wp:attachment":[{"href":"https:\/\/radiostudiow.com.br\/site\/wp-json\/wp\/v2\/media?parent=25693"}],"wp:term":[{"taxonomy":"category","embeddable":true,"href":"https:\/\/radiostudiow.com.br\/site\/wp-json\/wp\/v2\/categories?post=25693"},{"taxonomy":"post_tag","embeddable":true,"href":"https:\/\/radiostudiow.com.br\/site\/wp-json\/wp\/v2\/tags?post=25693"}],"curies":[{"name":"wp","href":"https:\/\/api.w.org\/{rel}","templated":true}]}}