{"id":25695,"date":"2024-08-09T11:30:46","date_gmt":"2024-08-09T14:30:46","guid":{"rendered":"https:\/\/radiostudiow.com.br\/site\/?p=25695"},"modified":"2025-01-31T14:59:02","modified_gmt":"2025-01-31T17:59:02","slug":"mulher-aciona-pm-e-homem-e-preso-por-ameaca-em-sao-mateus-do-sul","status":"publish","type":"post","link":"https:\/\/radiostudiow.com.br\/site\/2024\/08\/09\/mulher-aciona-pm-e-homem-e-preso-por-ameaca-em-sao-mateus-do-sul\/","title":{"rendered":"Mulher aciona PM e homem \u00e9 preso por amea\u00e7a em S\u00e3o Mateus do Sul"},"content":{"rendered":"\n<p>A equipe da Pol\u00edcia Militar de S\u00e3o Mateus do Sul foi acionada por volta das 16 horas nessa quinta-feira, 08 de agosto, para verificar uma situa\u00e7\u00e3o de viol\u00eancia dom\u00e9stica na Vila Bom Jesus.<\/p>\n\n\n\n<figure class=\"wp-block-image size-full\"><img loading=\"lazy\" decoding=\"async\" width=\"300\" height=\"180\" src=\"https:\/\/radiostudiow.com.br\/site\/wp-content\/uploads\/2024\/04\/image-26.png\" alt=\"\" class=\"wp-image-21279\"\/><\/figure>\n\n\n\n<p>No local, os policiais entraram em contato com a v\u00edtima que relatou que foi amea\u00e7ada pelo seu convivente.<\/p>\n\n\n\n<p>Momentos ap\u00f3s, o autor foi localizado e abordado, sendo que a v\u00edtima optou por exercer seu direito de representa\u00e7\u00e3o e o homem recebeu voz de pris\u00e3o e foi conduzido at\u00e9 a delegacia para as provid\u00eancias cab\u00edveis.<\/p>\n","protected":false},"excerpt":{"rendered":"<p>A equipe da Pol\u00edcia Militar de S\u00e3o Mateus do Sul foi acionada por volta das 16 horas nessa quinta-feira, 08 de agosto, para verificar uma situa\u00e7\u00e3o de viol\u00eancia dom\u00e9stica na Vila Bom Jesus. No local, os policiais entraram em contato com a v\u00edtima que relatou que foi amea\u00e7ada pelo seu convivente. Momentos ap\u00f3s, o autor [&hellip;]<\/p>\n","protected":false},"author":2,"featured_media":24702,"comment_status":"open","ping_status":"open","sticky":false,"template":"","format":"standard","meta":{"footnotes":""},"categories":[2],"tags":[172],"class_list":["post-25695","post","type-post","status-publish","format-standard","has-post-thumbnail","hentry","category-policial","tag-featured"],"amp_enabled":true,"_links":{"self":[{"href":"https:\/\/radiostudiow.com.br\/site\/wp-json\/wp\/v2\/posts\/25695","targetHints":{"allow":["GET"]}}],"collection":[{"href":"https:\/\/radiostudiow.com.br\/site\/wp-json\/wp\/v2\/posts"}],"about":[{"href":"https:\/\/radiostudiow.com.br\/site\/wp-json\/wp\/v2\/types\/post"}],"author":[{"embeddable":true,"href":"https:\/\/radiostudiow.com.br\/site\/wp-json\/wp\/v2\/users\/2"}],"replies":[{"embeddable":true,"href":"https:\/\/radiostudiow.com.br\/site\/wp-json\/wp\/v2\/comments?post=25695"}],"version-history":[{"count":1,"href":"https:\/\/radiostudiow.com.br\/site\/wp-json\/wp\/v2\/posts\/25695\/revisions"}],"predecessor-version":[{"id":25696,"href":"https:\/\/radiostudiow.com.br\/site\/wp-json\/wp\/v2\/posts\/25695\/revisions\/25696"}],"wp:featuredmedia":[{"embeddable":true,"href":"https:\/\/radiostudiow.com.br\/site\/wp-json\/wp\/v2\/media\/24702"}],"wp:attachment":[{"href":"https:\/\/radiostudiow.com.br\/site\/wp-json\/wp\/v2\/media?parent=25695"}],"wp:term":[{"taxonomy":"category","embeddable":true,"href":"https:\/\/radiostudiow.com.br\/site\/wp-json\/wp\/v2\/categories?post=25695"},{"taxonomy":"post_tag","embeddable":true,"href":"https:\/\/radiostudiow.com.br\/site\/wp-json\/wp\/v2\/tags?post=25695"}],"curies":[{"name":"wp","href":"https:\/\/api.w.org\/{rel}","templated":true}]}}