{"id":25698,"date":"2024-08-09T16:17:56","date_gmt":"2024-08-09T19:17:56","guid":{"rendered":"https:\/\/radiostudiow.com.br\/site\/?p=25698"},"modified":"2025-01-31T14:59:02","modified_gmt":"2025-01-31T17:59:02","slug":"pm-e-prf-apreendem-cerca-de-250-caixas-de-cigarro-em-paulo-frontin","status":"publish","type":"post","link":"https:\/\/radiostudiow.com.br\/site\/2024\/08\/09\/pm-e-prf-apreendem-cerca-de-250-caixas-de-cigarro-em-paulo-frontin\/","title":{"rendered":"PM e PRF apreendem cerca de 250 caixas de cigarro em Paulo Frontin"},"content":{"rendered":"\n<p>A equipe da Pol\u00edcia Militar de Paulo Frontin recebeu den\u00fancia de que um caminh\u00e3o VW, cor vermelha, estava transportando uma carga de ma\u00e7os de cigarro estrangeiro por volta das 16 horas desta quinta-feira (8).<\/p>\n\n\n\n<figure class=\"wp-block-image size-full\"><img loading=\"lazy\" decoding=\"async\" width=\"897\" height=\"204\" src=\"https:\/\/radiostudiow.com.br\/site\/wp-content\/uploads\/2024\/04\/image-18.png\" alt=\"\" class=\"wp-image-21207\" srcset=\"https:\/\/radiostudiow.com.br\/site\/wp-content\/uploads\/2024\/04\/image-18.png 897w, https:\/\/radiostudiow.com.br\/site\/wp-content\/uploads\/2024\/04\/image-18-300x68.png 300w, https:\/\/radiostudiow.com.br\/site\/wp-content\/uploads\/2024\/04\/image-18-768x175.png 768w\" sizes=\"auto, (max-width: 897px) 100vw, 897px\" \/><\/figure>\n\n\n\n<p>De imediato os policiais localizaram o ve\u00edculo na rodovia, realizada a abordagem deste ve\u00edculo na BR-476 com apoio da Pol\u00edcia Rodovi\u00e1ria Federal. Ap\u00f3s buscas no ve\u00edculo foi localizada cerca de 250 caixas de cigarros na carroceria do caminh\u00e3o.<\/p>\n\n\n\n<p>O motorista n\u00e3o possu\u00eda habilita\u00e7\u00e3o para conduzir caminh\u00e3o e o ve\u00edculo apresentava d\u00e9bitos de licenciamento desde 2019.<\/p>\n\n\n\n<p>Foi realizada a apreens\u00e3o do ve\u00edculo e da carga, bem como a pris\u00e3o do motorista pelo crime de contrabando, sendo encaminhado na sequ\u00eancia para 4\u00aa SDP de Uni\u00e3o da Vit\u00f3ria.<\/p>\n\n\n\n<figure class=\"wp-block-image size-large\"><img loading=\"lazy\" decoding=\"async\" width=\"1024\" height=\"768\" src=\"https:\/\/radiostudiow.com.br\/site\/wp-content\/uploads\/2024\/08\/14-1024x768.png\" alt=\"\" class=\"wp-image-25718\" srcset=\"https:\/\/radiostudiow.com.br\/site\/wp-content\/uploads\/2024\/08\/14-1024x768.png 1024w, https:\/\/radiostudiow.com.br\/site\/wp-content\/uploads\/2024\/08\/14-300x225.png 300w, https:\/\/radiostudiow.com.br\/site\/wp-content\/uploads\/2024\/08\/14-768x576.png 768w, https:\/\/radiostudiow.com.br\/site\/wp-content\/uploads\/2024\/08\/14-1536x1152.png 1536w, https:\/\/radiostudiow.com.br\/site\/wp-content\/uploads\/2024\/08\/14.png 1550w\" sizes=\"auto, (max-width: 1024px) 100vw, 1024px\" \/><\/figure>\n","protected":false},"excerpt":{"rendered":"<p>A equipe da Pol\u00edcia Militar de Paulo Frontin recebeu den\u00fancia de que um caminh\u00e3o VW, cor vermelha, estava transportando uma carga de ma\u00e7os de cigarro estrangeiro por volta das 16 horas desta quinta-feira (8). De imediato os policiais localizaram o ve\u00edculo na rodovia, realizada a abordagem deste ve\u00edculo na BR-476 com apoio da Pol\u00edcia Rodovi\u00e1ria [&hellip;]<\/p>\n","protected":false},"author":2,"featured_media":25719,"comment_status":"open","ping_status":"open","sticky":false,"template":"","format":"standard","meta":{"footnotes":""},"categories":[2],"tags":[172],"class_list":["post-25698","post","type-post","status-publish","format-standard","has-post-thumbnail","hentry","category-policial","tag-featured"],"amp_enabled":true,"_links":{"self":[{"href":"https:\/\/radiostudiow.com.br\/site\/wp-json\/wp\/v2\/posts\/25698","targetHints":{"allow":["GET"]}}],"collection":[{"href":"https:\/\/radiostudiow.com.br\/site\/wp-json\/wp\/v2\/posts"}],"about":[{"href":"https:\/\/radiostudiow.com.br\/site\/wp-json\/wp\/v2\/types\/post"}],"author":[{"embeddable":true,"href":"https:\/\/radiostudiow.com.br\/site\/wp-json\/wp\/v2\/users\/2"}],"replies":[{"embeddable":true,"href":"https:\/\/radiostudiow.com.br\/site\/wp-json\/wp\/v2\/comments?post=25698"}],"version-history":[{"count":4,"href":"https:\/\/radiostudiow.com.br\/site\/wp-json\/wp\/v2\/posts\/25698\/revisions"}],"predecessor-version":[{"id":25720,"href":"https:\/\/radiostudiow.com.br\/site\/wp-json\/wp\/v2\/posts\/25698\/revisions\/25720"}],"wp:featuredmedia":[{"embeddable":true,"href":"https:\/\/radiostudiow.com.br\/site\/wp-json\/wp\/v2\/media\/25719"}],"wp:attachment":[{"href":"https:\/\/radiostudiow.com.br\/site\/wp-json\/wp\/v2\/media?parent=25698"}],"wp:term":[{"taxonomy":"category","embeddable":true,"href":"https:\/\/radiostudiow.com.br\/site\/wp-json\/wp\/v2\/categories?post=25698"},{"taxonomy":"post_tag","embeddable":true,"href":"https:\/\/radiostudiow.com.br\/site\/wp-json\/wp\/v2\/tags?post=25698"}],"curies":[{"name":"wp","href":"https:\/\/api.w.org\/{rel}","templated":true}]}}