{"id":25703,"date":"2024-08-09T16:42:26","date_gmt":"2024-08-09T19:42:26","guid":{"rendered":"https:\/\/radiostudiow.com.br\/site\/?p=25703"},"modified":"2025-01-31T14:59:02","modified_gmt":"2025-01-31T17:59:02","slug":"morador-de-irati-e-multado-no-valor-de-r-109-50000-destruicao-de-vegetacao-ameacada-de-extincao","status":"publish","type":"post","link":"https:\/\/radiostudiow.com.br\/site\/2024\/08\/09\/morador-de-irati-e-multado-no-valor-de-r-109-50000-destruicao-de-vegetacao-ameacada-de-extincao\/","title":{"rendered":"Morador de Irati \u00e9 multado no valor de R$ 109.500,00 destrui\u00e7\u00e3o de vegeta\u00e7\u00e3o amea\u00e7ada de extin\u00e7\u00e3o"},"content":{"rendered":"\n<p>A equipe da Pol\u00edcia Ambiental atendeu uma den\u00fancia pelo 181, onde relatava sobre destrui\u00e7\u00e3o de vegeta\u00e7\u00e3o nativa em est\u00e1gio avan\u00e7ado nessa quinta-feira (08).<\/p>\n\n\n\n<figure class=\"wp-block-image size-full\"><img loading=\"lazy\" decoding=\"async\" width=\"897\" height=\"204\" src=\"https:\/\/radiostudiow.com.br\/site\/wp-content\/uploads\/2024\/04\/image-51.png\" alt=\"\" class=\"wp-image-21370\" srcset=\"https:\/\/radiostudiow.com.br\/site\/wp-content\/uploads\/2024\/04\/image-51.png 897w, https:\/\/radiostudiow.com.br\/site\/wp-content\/uploads\/2024\/04\/image-51-300x68.png 300w, https:\/\/radiostudiow.com.br\/site\/wp-content\/uploads\/2024\/04\/image-51-768x175.png 768w\" sizes=\"auto, (max-width: 897px) 100vw, 897px\" \/><\/figure>\n\n\n\n<p>Os policiais ambientais constataram em uma propriedade rural na localidade Cadeadinho, destrui\u00e7\u00e3o de vegeta\u00e7\u00e3o nativa em est\u00e1gio avan\u00e7ado de regenera\u00e7\u00e3o do bioma mata atl\u00e2ntica em \u00e1rea correspondente a 10,12 hectares, atingindo ainda pinheiro arauc\u00e1ria &#8211; esp\u00e9cie amea\u00e7ada de extin\u00e7\u00e3o.<\/p>\n\n\n\n<p>No local, foi apreendido 16,62 metros c\u00fabicos de toras de arauc\u00e1rias.<\/p>\n\n\n\n<p>Devido o propriet\u00e1rio n\u00e3o possuir autoriza\u00e7\u00e3o ambiental, foi autuado no valor de R$ 109.500,00, a \u00e1rea embargada e responder\u00e1 criminalmente pelos danos.<\/p>\n\n\n\n<figure class=\"wp-block-gallery has-nested-images columns-default is-cropped wp-block-gallery-1 is-layout-flex wp-block-gallery-is-layout-flex\">\n<figure class=\"wp-block-image size-large\"><img loading=\"lazy\" decoding=\"async\" width=\"577\" height=\"1024\" data-id=\"25728\" src=\"https:\/\/radiostudiow.com.br\/site\/wp-content\/uploads\/2024\/08\/04-1-577x1024.jpeg\" alt=\"\" class=\"wp-image-25728\" srcset=\"https:\/\/radiostudiow.com.br\/site\/wp-content\/uploads\/2024\/08\/04-1-577x1024.jpeg 577w, https:\/\/radiostudiow.com.br\/site\/wp-content\/uploads\/2024\/08\/04-1-169x300.jpeg 169w, https:\/\/radiostudiow.com.br\/site\/wp-content\/uploads\/2024\/08\/04-1-768x1364.jpeg 768w, https:\/\/radiostudiow.com.br\/site\/wp-content\/uploads\/2024\/08\/04-1-865x1536.jpeg 865w, https:\/\/radiostudiow.com.br\/site\/wp-content\/uploads\/2024\/08\/04-1.jpeg 901w\" sizes=\"auto, (max-width: 577px) 100vw, 577px\" \/><\/figure>\n\n\n\n<figure class=\"wp-block-image size-large\"><img loading=\"lazy\" decoding=\"async\" width=\"577\" height=\"1024\" data-id=\"25726\" src=\"https:\/\/radiostudiow.com.br\/site\/wp-content\/uploads\/2024\/08\/05-1-577x1024.jpeg\" alt=\"\" class=\"wp-image-25726\" srcset=\"https:\/\/radiostudiow.com.br\/site\/wp-content\/uploads\/2024\/08\/05-1-577x1024.jpeg 577w, https:\/\/radiostudiow.com.br\/site\/wp-content\/uploads\/2024\/08\/05-1-169x300.jpeg 169w, https:\/\/radiostudiow.com.br\/site\/wp-content\/uploads\/2024\/08\/05-1-768x1362.jpeg 768w, https:\/\/radiostudiow.com.br\/site\/wp-content\/uploads\/2024\/08\/05-1-866x1536.jpeg 866w, https:\/\/radiostudiow.com.br\/site\/wp-content\/uploads\/2024\/08\/05-1.jpeg 902w\" sizes=\"auto, (max-width: 577px) 100vw, 577px\" \/><\/figure>\n<\/figure>\n\n\n\n<figure class=\"wp-block-gallery has-nested-images columns-default is-cropped wp-block-gallery-2 is-layout-flex wp-block-gallery-is-layout-flex\">\n<figure class=\"wp-block-image size-large\"><img loading=\"lazy\" decoding=\"async\" width=\"577\" height=\"1024\" data-id=\"25727\" src=\"https:\/\/radiostudiow.com.br\/site\/wp-content\/uploads\/2024\/08\/02-3-577x1024.jpeg\" alt=\"\" class=\"wp-image-25727\" srcset=\"https:\/\/radiostudiow.com.br\/site\/wp-content\/uploads\/2024\/08\/02-3-577x1024.jpeg 577w, https:\/\/radiostudiow.com.br\/site\/wp-content\/uploads\/2024\/08\/02-3-169x300.jpeg 169w, https:\/\/radiostudiow.com.br\/site\/wp-content\/uploads\/2024\/08\/02-3-768x1364.jpeg 768w, https:\/\/radiostudiow.com.br\/site\/wp-content\/uploads\/2024\/08\/02-3-865x1536.jpeg 865w, https:\/\/radiostudiow.com.br\/site\/wp-content\/uploads\/2024\/08\/02-3.jpeg 901w\" sizes=\"auto, (max-width: 577px) 100vw, 577px\" \/><\/figure>\n\n\n\n<figure class=\"wp-block-image size-large\"><img loading=\"lazy\" decoding=\"async\" width=\"577\" height=\"1024\" data-id=\"25725\" src=\"https:\/\/radiostudiow.com.br\/site\/wp-content\/uploads\/2024\/08\/03-5-577x1024.jpeg\" alt=\"\" class=\"wp-image-25725\" srcset=\"https:\/\/radiostudiow.com.br\/site\/wp-content\/uploads\/2024\/08\/03-5-577x1024.jpeg 577w, https:\/\/radiostudiow.com.br\/site\/wp-content\/uploads\/2024\/08\/03-5-169x300.jpeg 169w, https:\/\/radiostudiow.com.br\/site\/wp-content\/uploads\/2024\/08\/03-5-768x1364.jpeg 768w, https:\/\/radiostudiow.com.br\/site\/wp-content\/uploads\/2024\/08\/03-5-865x1536.jpeg 865w, https:\/\/radiostudiow.com.br\/site\/wp-content\/uploads\/2024\/08\/03-5.jpeg 901w\" sizes=\"auto, (max-width: 577px) 100vw, 577px\" \/><\/figure>\n<\/figure>\n","protected":false},"excerpt":{"rendered":"<p>A equipe da Pol\u00edcia Ambiental atendeu uma den\u00fancia pelo 181, onde relatava sobre destrui\u00e7\u00e3o de vegeta\u00e7\u00e3o nativa em est\u00e1gio avan\u00e7ado nessa quinta-feira (08). Os policiais ambientais constataram em uma propriedade rural na localidade Cadeadinho, destrui\u00e7\u00e3o de vegeta\u00e7\u00e3o nativa em est\u00e1gio avan\u00e7ado de regenera\u00e7\u00e3o do bioma mata atl\u00e2ntica em \u00e1rea correspondente a 10,12 hectares, atingindo ainda [&hellip;]<\/p>\n","protected":false},"author":2,"featured_media":25729,"comment_status":"open","ping_status":"open","sticky":false,"template":"","format":"standard","meta":{"footnotes":""},"categories":[2],"tags":[172],"class_list":["post-25703","post","type-post","status-publish","format-standard","has-post-thumbnail","hentry","category-policial","tag-featured"],"amp_enabled":true,"_links":{"self":[{"href":"https:\/\/radiostudiow.com.br\/site\/wp-json\/wp\/v2\/posts\/25703","targetHints":{"allow":["GET"]}}],"collection":[{"href":"https:\/\/radiostudiow.com.br\/site\/wp-json\/wp\/v2\/posts"}],"about":[{"href":"https:\/\/radiostudiow.com.br\/site\/wp-json\/wp\/v2\/types\/post"}],"author":[{"embeddable":true,"href":"https:\/\/radiostudiow.com.br\/site\/wp-json\/wp\/v2\/users\/2"}],"replies":[{"embeddable":true,"href":"https:\/\/radiostudiow.com.br\/site\/wp-json\/wp\/v2\/comments?post=25703"}],"version-history":[{"count":4,"href":"https:\/\/radiostudiow.com.br\/site\/wp-json\/wp\/v2\/posts\/25703\/revisions"}],"predecessor-version":[{"id":25730,"href":"https:\/\/radiostudiow.com.br\/site\/wp-json\/wp\/v2\/posts\/25703\/revisions\/25730"}],"wp:featuredmedia":[{"embeddable":true,"href":"https:\/\/radiostudiow.com.br\/site\/wp-json\/wp\/v2\/media\/25729"}],"wp:attachment":[{"href":"https:\/\/radiostudiow.com.br\/site\/wp-json\/wp\/v2\/media?parent=25703"}],"wp:term":[{"taxonomy":"category","embeddable":true,"href":"https:\/\/radiostudiow.com.br\/site\/wp-json\/wp\/v2\/categories?post=25703"},{"taxonomy":"post_tag","embeddable":true,"href":"https:\/\/radiostudiow.com.br\/site\/wp-json\/wp\/v2\/tags?post=25703"}],"curies":[{"name":"wp","href":"https:\/\/api.w.org\/{rel}","templated":true}]}}