{"id":25758,"date":"2024-08-10T09:27:54","date_gmt":"2024-08-10T12:27:54","guid":{"rendered":"https:\/\/radiostudiow.com.br\/site\/?p=25758"},"modified":"2025-01-31T14:59:02","modified_gmt":"2025-01-31T17:59:02","slug":"inspetoria-da-receita-estadual-em-uniao-da-vitoria-nao-sera-fechada","status":"publish","type":"post","link":"https:\/\/radiostudiow.com.br\/site\/2024\/08\/10\/inspetoria-da-receita-estadual-em-uniao-da-vitoria-nao-sera-fechada\/","title":{"rendered":"Inspetoria da Receita Estadual em Uni\u00e3o da Vit\u00f3ria n\u00e3o ser\u00e1 fechada"},"content":{"rendered":"\n<p><em><strong>A Receita Estadual decidiu pela manuten\u00e7\u00e3o da Inspetoria Regional de Fiscaliza\u00e7\u00e3o Avan\u00e7ada (IRFA) em Uni\u00e3o da Vit\u00f3ria.<\/strong><\/em><\/p>\n\n\n\n<p>Nas \u00faltimas semanas, estudava-se a possibilidade de fechamento da unidade, com a transfer\u00eancia de pessoal e servi\u00e7os para a Delegacia de Guarapuava. A Inspetoria Regional \u00e9 uma estrutura especializada, com um rol muito mais amplo de atribui\u00e7\u00f5es do que uma Ag\u00eancia da Receita Estadual.<\/p>\n\n\n\n<figure class=\"wp-block-image size-full\"><img decoding=\"async\" src=\"https:\/\/radiostudiow.com.br\/site\/wp-content\/uploads\/2024\/04\/SITE-MEDIO.png\" alt=\"\" class=\"wp-image-21854\"\/><\/figure>\n\n\n\n<p>Hoje det\u00e9m um quadro de 28 funcion\u00e1rios, abrindo v\u00e1rias possibilidades para a sociedade local, pois contrata estagi\u00e1rios de n\u00edvel superior e residentes t\u00e9cnicos (bolsistas de p\u00f3s gradua\u00e7\u00e3o), oportunidades que seriam perdidas para a juventude local que busca a primeira oportunidade de emprego.<\/p>\n\n\n\n<p>O deputado Hussein Bakri, L\u00edder do Governo na Assembleia Legislativa do Paran\u00e1, conhecedor da situa\u00e7\u00e3o, articulou para que a hip\u00f3tese fosse descartada, visando manter esta unidade especializada, pois a IRFA tem sede pr\u00f3pria desde a d\u00e9cada de 70.<\/p>\n\n\n\n<p>Seria uma perda para a sociedade regional,visto os trabalhos important\u00edssimos que a unidade presta, como por exemplo, coordenar o c\u00e1lculo do \u00cdndice de Participa\u00e7\u00e3o dos Munic\u00edpios, no Fundo Constitucional do ICMS, de 39 munic\u00edpios.<\/p>\n\n\n\n<figure class=\"wp-block-image size-large\"><img loading=\"lazy\" decoding=\"async\" width=\"1024\" height=\"390\" src=\"https:\/\/radiostudiow.com.br\/site\/wp-content\/uploads\/2024\/06\/449383450_900410565459867_7398886830294326458_n-1024x390.png\" alt=\"\" class=\"wp-image-24042\" srcset=\"https:\/\/radiostudiow.com.br\/site\/wp-content\/uploads\/2024\/06\/449383450_900410565459867_7398886830294326458_n-1024x390.png 1024w, https:\/\/radiostudiow.com.br\/site\/wp-content\/uploads\/2024\/06\/449383450_900410565459867_7398886830294326458_n-300x114.png 300w, https:\/\/radiostudiow.com.br\/site\/wp-content\/uploads\/2024\/06\/449383450_900410565459867_7398886830294326458_n-768x292.png 768w, https:\/\/radiostudiow.com.br\/site\/wp-content\/uploads\/2024\/06\/449383450_900410565459867_7398886830294326458_n-1536x584.png 1536w, https:\/\/radiostudiow.com.br\/site\/wp-content\/uploads\/2024\/06\/449383450_900410565459867_7398886830294326458_n-2048x779.png 2048w\" sizes=\"auto, (max-width: 1024px) 100vw, 1024px\" \/><\/figure>\n\n\n\n<p>A Inspetoria Regional de Fiscaliza\u00e7\u00e3o de Uni\u00e3o da Vit\u00f3ria desempenha fun\u00e7\u00f5es especializadas de atendimento, fiscaliza\u00e7\u00e3o, arrecada\u00e7\u00e3o e servi\u00e7os relacionados aos tributos estaduais, Fundo de Participa\u00e7\u00e3o dos Munic\u00edpios, Setor de Produtor Rural de toda a regi\u00e3o de Guarapuava, Uni\u00e3o da Vit\u00f3ria e Irati.<\/p>\n","protected":false},"excerpt":{"rendered":"<p>A Receita Estadual decidiu pela manuten\u00e7\u00e3o da Inspetoria Regional de Fiscaliza\u00e7\u00e3o Avan\u00e7ada (IRFA) em Uni\u00e3o da Vit\u00f3ria. Nas \u00faltimas semanas, estudava-se a possibilidade de fechamento da unidade, com a transfer\u00eancia de pessoal e servi\u00e7os para a Delegacia de Guarapuava. A Inspetoria Regional \u00e9 uma estrutura especializada, com um rol muito mais amplo de atribui\u00e7\u00f5es do [&hellip;]<\/p>\n","protected":false},"author":2,"featured_media":25770,"comment_status":"open","ping_status":"open","sticky":false,"template":"","format":"standard","meta":{"footnotes":""},"categories":[2],"tags":[172],"class_list":["post-25758","post","type-post","status-publish","format-standard","has-post-thumbnail","hentry","category-policial","tag-featured"],"amp_enabled":true,"_links":{"self":[{"href":"https:\/\/radiostudiow.com.br\/site\/wp-json\/wp\/v2\/posts\/25758","targetHints":{"allow":["GET"]}}],"collection":[{"href":"https:\/\/radiostudiow.com.br\/site\/wp-json\/wp\/v2\/posts"}],"about":[{"href":"https:\/\/radiostudiow.com.br\/site\/wp-json\/wp\/v2\/types\/post"}],"author":[{"embeddable":true,"href":"https:\/\/radiostudiow.com.br\/site\/wp-json\/wp\/v2\/users\/2"}],"replies":[{"embeddable":true,"href":"https:\/\/radiostudiow.com.br\/site\/wp-json\/wp\/v2\/comments?post=25758"}],"version-history":[{"count":2,"href":"https:\/\/radiostudiow.com.br\/site\/wp-json\/wp\/v2\/posts\/25758\/revisions"}],"predecessor-version":[{"id":25771,"href":"https:\/\/radiostudiow.com.br\/site\/wp-json\/wp\/v2\/posts\/25758\/revisions\/25771"}],"wp:featuredmedia":[{"embeddable":true,"href":"https:\/\/radiostudiow.com.br\/site\/wp-json\/wp\/v2\/media\/25770"}],"wp:attachment":[{"href":"https:\/\/radiostudiow.com.br\/site\/wp-json\/wp\/v2\/media?parent=25758"}],"wp:term":[{"taxonomy":"category","embeddable":true,"href":"https:\/\/radiostudiow.com.br\/site\/wp-json\/wp\/v2\/categories?post=25758"},{"taxonomy":"post_tag","embeddable":true,"href":"https:\/\/radiostudiow.com.br\/site\/wp-json\/wp\/v2\/tags?post=25758"}],"curies":[{"name":"wp","href":"https:\/\/api.w.org\/{rel}","templated":true}]}}