{"id":25785,"date":"2024-08-12T10:19:20","date_gmt":"2024-08-12T13:19:20","guid":{"rendered":"https:\/\/radiostudiow.com.br\/site\/?p=25785"},"modified":"2025-01-31T14:59:02","modified_gmt":"2025-01-31T17:59:02","slug":"pm-de-uniao-da-vitoria-e-acionada-apos-mulher-ser-agredida-em-via-publica","status":"publish","type":"post","link":"https:\/\/radiostudiow.com.br\/site\/2024\/08\/12\/pm-de-uniao-da-vitoria-e-acionada-apos-mulher-ser-agredida-em-via-publica\/","title":{"rendered":"PM de Uni\u00e3o da Vit\u00f3ria \u00e9 acionada ap\u00f3s mulher ser agredida em via p\u00fablica"},"content":{"rendered":"\n<p>A equipe da Pol\u00edcia Militar foi acionada por volta das 21 horas desse deste domingo, 11 de agosto, para verificar uma situa\u00e7\u00e3o envolvendo uma mulher que teria sido agredida por um homem em via p\u00fablica. O SAMU, que estava no local, prestou socorro \u00e0 v\u00edtima e a conduziu at\u00e9 a UPA de Uni\u00e3o da Vit\u00f3ria.<\/p>\n\n\n\n<figure class=\"wp-block-image size-full\"><img decoding=\"async\" src=\"https:\/\/radiostudiow.com.br\/site\/wp-content\/uploads\/2024\/04\/image-42.png\" alt=\"\" class=\"wp-image-21334\"\/><\/figure>\n\n\n\n<p>Os profissionais de sa\u00fade informaram que apenas prestaram atendimento \u00e0 mulher e n\u00e3o conseguiram identificar o autor, que havia fugido antes de sua chegada.<\/p>\n\n\n\n<p>Em contato com a v\u00edtima, foi apurado que ela mant\u00e9m uma rela\u00e7\u00e3o de conviv\u00eancia com o agressor.&nbsp;Segundo relato dela, ap\u00f3s uma discuss\u00e3o em um estabelecimento, o homem a agrediu quando sa\u00edram do local. Embora n\u00e3o apresentasse marcas aparentes das agress\u00f5es, a mulher expressou o desejo de representar criminalmente contra o autor.<\/p>\n\n\n\n<figure class=\"wp-block-image size-full\"><img loading=\"lazy\" decoding=\"async\" width=\"300\" height=\"180\" src=\"https:\/\/radiostudiow.com.br\/site\/wp-content\/uploads\/2024\/04\/SITE-PEQUENO-1.png\" alt=\"\" class=\"wp-image-21868\"\/><\/figure>\n\n\n\n<p>A equipe policial obteve as caracter\u00edsticas do agressor e iniciou um patrulhamento na tentativa de localiz\u00e1-lo, mas n\u00e3o obteve sucesso. A&nbsp;v\u00edtima foi orientada sobre os procedimentos legais a serem seguidos e os registros da ocorr\u00eancia foram feitos.<\/p>\n","protected":false},"excerpt":{"rendered":"<p>A equipe da Pol\u00edcia Militar foi acionada por volta das 21 horas desse deste domingo, 11 de agosto, para verificar uma situa\u00e7\u00e3o envolvendo uma mulher que teria sido agredida por um homem em via p\u00fablica. O SAMU, que estava no local, prestou socorro \u00e0 v\u00edtima e a conduziu at\u00e9 a UPA de Uni\u00e3o da Vit\u00f3ria. [&hellip;]<\/p>\n","protected":false},"author":2,"featured_media":22163,"comment_status":"open","ping_status":"open","sticky":false,"template":"","format":"standard","meta":{"footnotes":""},"categories":[2],"tags":[172],"class_list":["post-25785","post","type-post","status-publish","format-standard","has-post-thumbnail","hentry","category-policial","tag-featured"],"amp_enabled":true,"_links":{"self":[{"href":"https:\/\/radiostudiow.com.br\/site\/wp-json\/wp\/v2\/posts\/25785","targetHints":{"allow":["GET"]}}],"collection":[{"href":"https:\/\/radiostudiow.com.br\/site\/wp-json\/wp\/v2\/posts"}],"about":[{"href":"https:\/\/radiostudiow.com.br\/site\/wp-json\/wp\/v2\/types\/post"}],"author":[{"embeddable":true,"href":"https:\/\/radiostudiow.com.br\/site\/wp-json\/wp\/v2\/users\/2"}],"replies":[{"embeddable":true,"href":"https:\/\/radiostudiow.com.br\/site\/wp-json\/wp\/v2\/comments?post=25785"}],"version-history":[{"count":2,"href":"https:\/\/radiostudiow.com.br\/site\/wp-json\/wp\/v2\/posts\/25785\/revisions"}],"predecessor-version":[{"id":25811,"href":"https:\/\/radiostudiow.com.br\/site\/wp-json\/wp\/v2\/posts\/25785\/revisions\/25811"}],"wp:featuredmedia":[{"embeddable":true,"href":"https:\/\/radiostudiow.com.br\/site\/wp-json\/wp\/v2\/media\/22163"}],"wp:attachment":[{"href":"https:\/\/radiostudiow.com.br\/site\/wp-json\/wp\/v2\/media?parent=25785"}],"wp:term":[{"taxonomy":"category","embeddable":true,"href":"https:\/\/radiostudiow.com.br\/site\/wp-json\/wp\/v2\/categories?post=25785"},{"taxonomy":"post_tag","embeddable":true,"href":"https:\/\/radiostudiow.com.br\/site\/wp-json\/wp\/v2\/tags?post=25785"}],"curies":[{"name":"wp","href":"https:\/\/api.w.org\/{rel}","templated":true}]}}