{"id":25787,"date":"2024-08-12T09:56:24","date_gmt":"2024-08-12T12:56:24","guid":{"rendered":"https:\/\/radiostudiow.com.br\/site\/?p=25787"},"modified":"2025-01-31T14:59:02","modified_gmt":"2025-01-31T17:59:02","slug":"veiculo-furtado-e-recuperado-pela-pm-no-bairro-sagrada-familia","status":"publish","type":"post","link":"https:\/\/radiostudiow.com.br\/site\/2024\/08\/12\/veiculo-furtado-e-recuperado-pela-pm-no-bairro-sagrada-familia\/","title":{"rendered":"Ve\u00edculo furtado \u00e9 recuperado pela Pol\u00edcia Militar de Uni\u00e3o da Vit\u00f3ria"},"content":{"rendered":"\n<p>A equipe da Pol\u00edcia Militar foi acionada para atender a uma ocorr\u00eancia envolvendo um ve\u00edculo com alerta de furto\/roubo durante a noite desse s\u00e1bado (10).<\/p>\n\n\n\n<p>O\u00a0propriet\u00e1rio do carro, um VW\/Gol, havia notado o furto do autom\u00f3vel enquanto trabalhava em um estabelecimento pr\u00f3ximo. No in\u00edcio da manh\u00e3, o propriet\u00e1rio encontrou seu ve\u00edculo abandonado em uma via p\u00fablica no Bairro Sagrada Fam\u00edlia.<\/p>\n\n\n\n<figure class=\"wp-block-image size-large\"><img loading=\"lazy\" decoding=\"async\" width=\"1024\" height=\"390\" src=\"https:\/\/radiostudiow.com.br\/site\/wp-content\/uploads\/2024\/06\/449383450_900410565459867_7398886830294326458_n-1024x390.png\" alt=\"\" class=\"wp-image-24042\" srcset=\"https:\/\/radiostudiow.com.br\/site\/wp-content\/uploads\/2024\/06\/449383450_900410565459867_7398886830294326458_n-1024x390.png 1024w, https:\/\/radiostudiow.com.br\/site\/wp-content\/uploads\/2024\/06\/449383450_900410565459867_7398886830294326458_n-300x114.png 300w, https:\/\/radiostudiow.com.br\/site\/wp-content\/uploads\/2024\/06\/449383450_900410565459867_7398886830294326458_n-768x292.png 768w, https:\/\/radiostudiow.com.br\/site\/wp-content\/uploads\/2024\/06\/449383450_900410565459867_7398886830294326458_n-1536x584.png 1536w, https:\/\/radiostudiow.com.br\/site\/wp-content\/uploads\/2024\/06\/449383450_900410565459867_7398886830294326458_n-2048x779.png 2048w\" sizes=\"auto, (max-width: 1024px) 100vw, 1024px\" \/><\/figure>\n\n\n\n<p>A pol\u00edcia fez o encaminhamento do carro at\u00e9 a 4\u00aa SDP, onde foram realizados os procedimentos necess\u00e1rios para a retirada do alerta de furto\/roubo na tarde deste domingo (11).<\/p>\n\n\n\n<p>O propriet\u00e1rio foi devidamente orientado sobre os passos a seguir e o ve\u00edculo foi liberado no local. A ocorr\u00eancia foi registrada e a situa\u00e7\u00e3o est\u00e1 sendo acompanhada pelas autoridades competentes.<\/p>\n","protected":false},"excerpt":{"rendered":"<p>A equipe da Pol\u00edcia Militar foi acionada para atender a uma ocorr\u00eancia envolvendo um ve\u00edculo com alerta de furto\/roubo durante a noite desse s\u00e1bado (10). O\u00a0propriet\u00e1rio do carro, um VW\/Gol, havia notado o furto do autom\u00f3vel enquanto trabalhava em um estabelecimento pr\u00f3ximo. No in\u00edcio da manh\u00e3, o propriet\u00e1rio encontrou seu ve\u00edculo abandonado em uma via [&hellip;]<\/p>\n","protected":false},"author":2,"featured_media":25788,"comment_status":"open","ping_status":"open","sticky":false,"template":"","format":"standard","meta":{"footnotes":""},"categories":[2],"tags":[172],"class_list":["post-25787","post","type-post","status-publish","format-standard","has-post-thumbnail","hentry","category-policial","tag-featured"],"amp_enabled":true,"_links":{"self":[{"href":"https:\/\/radiostudiow.com.br\/site\/wp-json\/wp\/v2\/posts\/25787","targetHints":{"allow":["GET"]}}],"collection":[{"href":"https:\/\/radiostudiow.com.br\/site\/wp-json\/wp\/v2\/posts"}],"about":[{"href":"https:\/\/radiostudiow.com.br\/site\/wp-json\/wp\/v2\/types\/post"}],"author":[{"embeddable":true,"href":"https:\/\/radiostudiow.com.br\/site\/wp-json\/wp\/v2\/users\/2"}],"replies":[{"embeddable":true,"href":"https:\/\/radiostudiow.com.br\/site\/wp-json\/wp\/v2\/comments?post=25787"}],"version-history":[{"count":3,"href":"https:\/\/radiostudiow.com.br\/site\/wp-json\/wp\/v2\/posts\/25787\/revisions"}],"predecessor-version":[{"id":25792,"href":"https:\/\/radiostudiow.com.br\/site\/wp-json\/wp\/v2\/posts\/25787\/revisions\/25792"}],"wp:featuredmedia":[{"embeddable":true,"href":"https:\/\/radiostudiow.com.br\/site\/wp-json\/wp\/v2\/media\/25788"}],"wp:attachment":[{"href":"https:\/\/radiostudiow.com.br\/site\/wp-json\/wp\/v2\/media?parent=25787"}],"wp:term":[{"taxonomy":"category","embeddable":true,"href":"https:\/\/radiostudiow.com.br\/site\/wp-json\/wp\/v2\/categories?post=25787"},{"taxonomy":"post_tag","embeddable":true,"href":"https:\/\/radiostudiow.com.br\/site\/wp-json\/wp\/v2\/tags?post=25787"}],"curies":[{"name":"wp","href":"https:\/\/api.w.org\/{rel}","templated":true}]}}