{"id":25793,"date":"2024-08-12T21:17:50","date_gmt":"2024-08-13T00:17:50","guid":{"rendered":"https:\/\/radiostudiow.com.br\/site\/?p=25793"},"modified":"2025-01-31T14:59:01","modified_gmt":"2025-01-31T17:59:01","slug":"policia-civil-identifica-condutor-de-atropelamento-em-uniao-da-vitoria","status":"publish","type":"post","link":"https:\/\/radiostudiow.com.br\/site\/2024\/08\/12\/policia-civil-identifica-condutor-de-atropelamento-em-uniao-da-vitoria\/","title":{"rendered":"Pol\u00edcia Civil identifica condutor de atropelamento em Uni\u00e3o da Vit\u00f3ria"},"content":{"rendered":"\n<p>A Pol\u00edcia Civil de Uni\u00e3o da Vit\u00f3ria identificou o condutor respons\u00e1vel pelo atropelamento de um idoso ocorrido no s\u00e1bado, dia 10 de agosto, por volta das 18h45, na Avenida Marechal Deodoro no bairro Rocio em Uni\u00e3o da Vit\u00f3ria.<\/p>\n\n\n\n<p>O acidente, que gerou grande como\u00e7\u00e3o na comunidade local, envolveu um ve\u00edculo que fugiu do local imediatamente ap\u00f3s o impacto.<\/p>\n\n\n\n<figure class=\"wp-block-image size-full\"><img loading=\"lazy\" decoding=\"async\" width=\"897\" height=\"204\" src=\"https:\/\/radiostudiow.com.br\/site\/wp-content\/uploads\/2024\/04\/image-51.png\" alt=\"\" class=\"wp-image-21370\" srcset=\"https:\/\/radiostudiow.com.br\/site\/wp-content\/uploads\/2024\/04\/image-51.png 897w, https:\/\/radiostudiow.com.br\/site\/wp-content\/uploads\/2024\/04\/image-51-300x68.png 300w, https:\/\/radiostudiow.com.br\/site\/wp-content\/uploads\/2024\/04\/image-51-768x175.png 768w\" sizes=\"auto, (max-width: 897px) 100vw, 897px\" \/><\/figure>\n\n\n\n<p>As investiga\u00e7\u00f5es se intensificaram com a coleta e an\u00e1lise de imagens de c\u00e2meras de seguran\u00e7a instaladas nas proximidades do local do atropelamento. O motorista \u00e9 morador do Vale do Igua\u00e7u.<\/p>\n\n\n\n<p>Gra\u00e7as a essas imagens, os investigadores conseguiram tra\u00e7ar a identidade do motorista e localizar o ve\u00edculo envolvido no incidente.<\/p>\n\n\n\n<p>A v\u00edtima, um idoso de 76 anos, sofreu diversas escoria\u00e7\u00f5es, mas felizmente n\u00e3o teve ferimentos graves.<\/p>\n\n\n\n<p>Ele foi encaminhado ao Instituto M\u00e9dico Legal (IML) para a realiza\u00e7\u00e3o de exame de corpo de delito, a fim de avaliar a extens\u00e3o das les\u00f5es e assegurar o devido atendimento m\u00e9dico.<\/p>\n\n\n\n<p>O autor do atropelamento j\u00e1 foi interrogado pela pol\u00edcia e, conforme os procedimentos legais, o ve\u00edculo envolvido no acidente foi apreendido e ser\u00e1 submetido a uma per\u00edcia t\u00e9cnica.&nbsp;Esta etapa \u00e9 crucial para determinar as condi\u00e7\u00f5es do autom\u00f3vel e esclarecer os detalhes do acidente.<\/p>\n\n\n\n<figure class=\"wp-block-image size-full\"><img loading=\"lazy\" decoding=\"async\" width=\"300\" height=\"180\" src=\"https:\/\/radiostudiow.com.br\/site\/wp-content\/uploads\/2024\/04\/SITE-PEQUENO.png\" alt=\"\" class=\"wp-image-21712\"\/><\/figure>\n\n\n\n<p>A Pol\u00edcia Civil est\u00e1 avan\u00e7ando para a conclus\u00e3o das investiga\u00e7\u00f5es e a defini\u00e7\u00e3o das medidas legais a serem tomadas contra o respons\u00e1vel pelo atropelamento.&nbsp;As autoridades refor\u00e7am a import\u00e2ncia de testemunhas e moradores da regi\u00e3o colaborarem com qualquer informa\u00e7\u00e3o adicional que possa contribuir para o caso.<\/p>\n\n\n\n<p>As apura\u00e7\u00f5es seguem em andamento, e novas atualiza\u00e7\u00f5es ser\u00e3o divulgadas \u00e0 medida que a investiga\u00e7\u00e3o avan\u00e7a. A atua\u00e7\u00e3o r\u00e1pida e eficaz das autoridades busca garantir justi\u00e7a para a v\u00edtima e refor\u00e7ar a seguran\u00e7a nas ruas da cidade.<\/p>\n\n\n\n<figure class=\"wp-block-video\"><video controls src=\"https:\/\/radiostudiow.com.br\/site\/wp-content\/uploads\/2024\/08\/WhatsApp-Video-2024-08-12-at-09.17.27.mp4\"><\/video><\/figure>\n\n\n\n<figure class=\"wp-block-video\"><video controls src=\"https:\/\/radiostudiow.com.br\/site\/wp-content\/uploads\/2024\/08\/WhatsApp-Video-2024-08-12-at-09.31.27.mp4\"><\/video><\/figure>\n","protected":false},"excerpt":{"rendered":"<p>A Pol\u00edcia Civil de Uni\u00e3o da Vit\u00f3ria identificou o condutor respons\u00e1vel pelo atropelamento de um idoso ocorrido no s\u00e1bado, dia 10 de agosto, por volta das 18h45, na Avenida Marechal Deodoro no bairro Rocio em Uni\u00e3o da Vit\u00f3ria. O acidente, que gerou grande como\u00e7\u00e3o na comunidade local, envolveu um ve\u00edculo que fugiu do local imediatamente [&hellip;]<\/p>\n","protected":false},"author":2,"featured_media":25794,"comment_status":"open","ping_status":"open","sticky":false,"template":"","format":"standard","meta":{"footnotes":""},"categories":[2],"tags":[172],"class_list":["post-25793","post","type-post","status-publish","format-standard","has-post-thumbnail","hentry","category-policial","tag-featured"],"amp_enabled":true,"_links":{"self":[{"href":"https:\/\/radiostudiow.com.br\/site\/wp-json\/wp\/v2\/posts\/25793","targetHints":{"allow":["GET"]}}],"collection":[{"href":"https:\/\/radiostudiow.com.br\/site\/wp-json\/wp\/v2\/posts"}],"about":[{"href":"https:\/\/radiostudiow.com.br\/site\/wp-json\/wp\/v2\/types\/post"}],"author":[{"embeddable":true,"href":"https:\/\/radiostudiow.com.br\/site\/wp-json\/wp\/v2\/users\/2"}],"replies":[{"embeddable":true,"href":"https:\/\/radiostudiow.com.br\/site\/wp-json\/wp\/v2\/comments?post=25793"}],"version-history":[{"count":6,"href":"https:\/\/radiostudiow.com.br\/site\/wp-json\/wp\/v2\/posts\/25793\/revisions"}],"predecessor-version":[{"id":25870,"href":"https:\/\/radiostudiow.com.br\/site\/wp-json\/wp\/v2\/posts\/25793\/revisions\/25870"}],"wp:featuredmedia":[{"embeddable":true,"href":"https:\/\/radiostudiow.com.br\/site\/wp-json\/wp\/v2\/media\/25794"}],"wp:attachment":[{"href":"https:\/\/radiostudiow.com.br\/site\/wp-json\/wp\/v2\/media?parent=25793"}],"wp:term":[{"taxonomy":"category","embeddable":true,"href":"https:\/\/radiostudiow.com.br\/site\/wp-json\/wp\/v2\/categories?post=25793"},{"taxonomy":"post_tag","embeddable":true,"href":"https:\/\/radiostudiow.com.br\/site\/wp-json\/wp\/v2\/tags?post=25793"}],"curies":[{"name":"wp","href":"https:\/\/api.w.org\/{rel}","templated":true}]}}