{"id":25799,"date":"2024-08-12T10:08:35","date_gmt":"2024-08-12T13:08:35","guid":{"rendered":"https:\/\/radiostudiow.com.br\/site\/?p=25799"},"modified":"2025-01-31T14:59:02","modified_gmt":"2025-01-31T17:59:02","slug":"caminhonete-colide-com-avore-em-uniao-da-vitoria","status":"publish","type":"post","link":"https:\/\/radiostudiow.com.br\/site\/2024\/08\/12\/caminhonete-colide-com-avore-em-uniao-da-vitoria\/","title":{"rendered":"Caminhonete colide com \u00e1vore em Uni\u00e3o da Vit\u00f3ria"},"content":{"rendered":"\n<p>C\u00e2meras de seguran\u00e7a capturaram o momento em que uma caminhonete colidiu com uma \u00e1rvore na Avenida Coronel Amazonas, no centro de Uni\u00e3o da Vit\u00f3ria.<\/p>\n\n\n\n<p>A colis\u00e3o ocorreu por volta das 03:48 horas durante a madrugada deste domingo, 11 de agosto. Apesar do impacto, as autoridades n\u00e3o foram acionadas para atender o incidente.<\/p>\n\n\n\n<figure class=\"wp-block-video\"><video controls src=\"https:\/\/radiostudiow.com.br\/site\/wp-content\/uploads\/2024\/08\/WhatsApp-Video-2024-08-11-at-09.46.50-1.mp4\"><\/video><\/figure>\n\n\n\n<figure class=\"wp-block-video\"><video height=\"432\" style=\"aspect-ratio: 848 \/ 432;\" width=\"848\" controls src=\"https:\/\/radiostudiow.com.br\/site\/wp-content\/uploads\/2024\/08\/WhatsApp-Video-2024-08-11-at-09.46.50-2.mp4\"><\/video><\/figure>\n","protected":false},"excerpt":{"rendered":"<p>C\u00e2meras de seguran\u00e7a capturaram o momento em que uma caminhonete colidiu com uma \u00e1rvore na Avenida Coronel Amazonas, no centro de Uni\u00e3o da Vit\u00f3ria. A colis\u00e3o ocorreu por volta das 03:48 horas durante a madrugada deste domingo, 11 de agosto. Apesar do impacto, as autoridades n\u00e3o foram acionadas para atender o incidente.<\/p>\n","protected":false},"author":2,"featured_media":25804,"comment_status":"open","ping_status":"open","sticky":false,"template":"","format":"standard","meta":{"footnotes":""},"categories":[185],"tags":[172],"class_list":["post-25799","post","type-post","status-publish","format-standard","has-post-thumbnail","hentry","category-regional","tag-featured"],"amp_enabled":true,"_links":{"self":[{"href":"https:\/\/radiostudiow.com.br\/site\/wp-json\/wp\/v2\/posts\/25799","targetHints":{"allow":["GET"]}}],"collection":[{"href":"https:\/\/radiostudiow.com.br\/site\/wp-json\/wp\/v2\/posts"}],"about":[{"href":"https:\/\/radiostudiow.com.br\/site\/wp-json\/wp\/v2\/types\/post"}],"author":[{"embeddable":true,"href":"https:\/\/radiostudiow.com.br\/site\/wp-json\/wp\/v2\/users\/2"}],"replies":[{"embeddable":true,"href":"https:\/\/radiostudiow.com.br\/site\/wp-json\/wp\/v2\/comments?post=25799"}],"version-history":[{"count":2,"href":"https:\/\/radiostudiow.com.br\/site\/wp-json\/wp\/v2\/posts\/25799\/revisions"}],"predecessor-version":[{"id":25805,"href":"https:\/\/radiostudiow.com.br\/site\/wp-json\/wp\/v2\/posts\/25799\/revisions\/25805"}],"wp:featuredmedia":[{"embeddable":true,"href":"https:\/\/radiostudiow.com.br\/site\/wp-json\/wp\/v2\/media\/25804"}],"wp:attachment":[{"href":"https:\/\/radiostudiow.com.br\/site\/wp-json\/wp\/v2\/media?parent=25799"}],"wp:term":[{"taxonomy":"category","embeddable":true,"href":"https:\/\/radiostudiow.com.br\/site\/wp-json\/wp\/v2\/categories?post=25799"},{"taxonomy":"post_tag","embeddable":true,"href":"https:\/\/radiostudiow.com.br\/site\/wp-json\/wp\/v2\/tags?post=25799"}],"curies":[{"name":"wp","href":"https:\/\/api.w.org\/{rel}","templated":true}]}}