{"id":25806,"date":"2024-08-12T10:22:58","date_gmt":"2024-08-12T13:22:58","guid":{"rendered":"https:\/\/radiostudiow.com.br\/site\/?p=25806"},"modified":"2025-01-31T14:59:02","modified_gmt":"2025-01-31T17:59:02","slug":"brigada-de-voluntarios-atuou-em-incendio-de-residencia-em-paulo-frontin","status":"publish","type":"post","link":"https:\/\/radiostudiow.com.br\/site\/2024\/08\/12\/brigada-de-voluntarios-atuou-em-incendio-de-residencia-em-paulo-frontin\/","title":{"rendered":"Brigada de volunt\u00e1rios atuou em inc\u00eandio de resid\u00eancia em Paulo Frontin"},"content":{"rendered":"\n<p>A Brigada de Volunt\u00e1rios de Paulo Frontin foi acionada para combater um inc\u00eandio que devastou uma resid\u00eancia de madeira no Bairro Barreiros na madrugada desta segunda-feira (12). O fogo consumiu completamente a estrutura da casa, mas felizmente n\u00e3o houve v\u00edtimas.<\/p>\n\n\n\n<figure class=\"wp-block-image size-full\"><img decoding=\"async\" src=\"https:\/\/radiostudiow.com.br\/site\/wp-content\/uploads\/2024\/04\/SITE-MEDIO.png\" alt=\"\" class=\"wp-image-21854\"\/><\/figure>\n\n\n\n<p>A opera\u00e7\u00e3o contou com o empenho de dois caminh\u00f5es de combate a inc\u00eandio e a atua\u00e7\u00e3o de sete brigadistas volunt\u00e1rios.&nbsp;A equipe conseguiu controlar as chamas e evitar a propaga\u00e7\u00e3o do fogo para im\u00f3veis vizinhos.<\/p>\n\n\n\n<p>A Pol\u00edcia Militar tamb\u00e9m esteve presente no local para apoiar as opera\u00e7\u00f5es e garantir a seguran\u00e7a da \u00e1rea. As causas do inc\u00eandio ainda ser\u00e3o investigadas.<\/p>\n\n\n\n<figure class=\"wp-block-image size-full\"><img loading=\"lazy\" decoding=\"async\" width=\"897\" height=\"204\" src=\"https:\/\/radiostudiow.com.br\/site\/wp-content\/uploads\/2024\/04\/image-38.png\" alt=\"\" class=\"wp-image-21308\" srcset=\"https:\/\/radiostudiow.com.br\/site\/wp-content\/uploads\/2024\/04\/image-38.png 897w, https:\/\/radiostudiow.com.br\/site\/wp-content\/uploads\/2024\/04\/image-38-300x68.png 300w, https:\/\/radiostudiow.com.br\/site\/wp-content\/uploads\/2024\/04\/image-38-768x175.png 768w\" sizes=\"auto, (max-width: 897px) 100vw, 897px\" \/><\/figure>\n\n\n\n<figure class=\"wp-block-image size-full\"><img loading=\"lazy\" decoding=\"async\" width=\"492\" height=\"600\" src=\"https:\/\/radiostudiow.com.br\/site\/wp-content\/uploads\/2024\/08\/image-10.png\" alt=\"\" class=\"wp-image-25807\" srcset=\"https:\/\/radiostudiow.com.br\/site\/wp-content\/uploads\/2024\/08\/image-10.png 492w, https:\/\/radiostudiow.com.br\/site\/wp-content\/uploads\/2024\/08\/image-10-246x300.png 246w\" sizes=\"auto, (max-width: 492px) 100vw, 492px\" \/><\/figure>\n","protected":false},"excerpt":{"rendered":"<p>A Brigada de Volunt\u00e1rios de Paulo Frontin foi acionada para combater um inc\u00eandio que devastou uma resid\u00eancia de madeira no Bairro Barreiros na madrugada desta segunda-feira (12). O fogo consumiu completamente a estrutura da casa, mas felizmente n\u00e3o houve v\u00edtimas. A opera\u00e7\u00e3o contou com o empenho de dois caminh\u00f5es de combate a inc\u00eandio e a [&hellip;]<\/p>\n","protected":false},"author":2,"featured_media":25808,"comment_status":"open","ping_status":"open","sticky":false,"template":"","format":"standard","meta":{"footnotes":""},"categories":[185],"tags":[172],"class_list":["post-25806","post","type-post","status-publish","format-standard","has-post-thumbnail","hentry","category-regional","tag-featured"],"amp_enabled":true,"_links":{"self":[{"href":"https:\/\/radiostudiow.com.br\/site\/wp-json\/wp\/v2\/posts\/25806","targetHints":{"allow":["GET"]}}],"collection":[{"href":"https:\/\/radiostudiow.com.br\/site\/wp-json\/wp\/v2\/posts"}],"about":[{"href":"https:\/\/radiostudiow.com.br\/site\/wp-json\/wp\/v2\/types\/post"}],"author":[{"embeddable":true,"href":"https:\/\/radiostudiow.com.br\/site\/wp-json\/wp\/v2\/users\/2"}],"replies":[{"embeddable":true,"href":"https:\/\/radiostudiow.com.br\/site\/wp-json\/wp\/v2\/comments?post=25806"}],"version-history":[{"count":3,"href":"https:\/\/radiostudiow.com.br\/site\/wp-json\/wp\/v2\/posts\/25806\/revisions"}],"predecessor-version":[{"id":25812,"href":"https:\/\/radiostudiow.com.br\/site\/wp-json\/wp\/v2\/posts\/25806\/revisions\/25812"}],"wp:featuredmedia":[{"embeddable":true,"href":"https:\/\/radiostudiow.com.br\/site\/wp-json\/wp\/v2\/media\/25808"}],"wp:attachment":[{"href":"https:\/\/radiostudiow.com.br\/site\/wp-json\/wp\/v2\/media?parent=25806"}],"wp:term":[{"taxonomy":"category","embeddable":true,"href":"https:\/\/radiostudiow.com.br\/site\/wp-json\/wp\/v2\/categories?post=25806"},{"taxonomy":"post_tag","embeddable":true,"href":"https:\/\/radiostudiow.com.br\/site\/wp-json\/wp\/v2\/tags?post=25806"}],"curies":[{"name":"wp","href":"https:\/\/api.w.org\/{rel}","templated":true}]}}