{"id":25817,"date":"2024-08-12T10:42:13","date_gmt":"2024-08-12T13:42:13","guid":{"rendered":"https:\/\/radiostudiow.com.br\/site\/?p=25817"},"modified":"2025-01-31T14:59:02","modified_gmt":"2025-01-31T17:59:02","slug":"caminhao-e-furtado-proximo-ao-pedagio-da-lapa","status":"publish","type":"post","link":"https:\/\/radiostudiow.com.br\/site\/2024\/08\/12\/caminhao-e-furtado-proximo-ao-pedagio-da-lapa\/","title":{"rendered":"Caminh\u00e3o \u00e9 furtado pr\u00f3ximo ao ped\u00e1gio da Lapa"},"content":{"rendered":"\n<p>Um caminh\u00e3o Volvo VM 270 de cor branca, placas MKG-2F74, foi furtado na \u00faltima sexta-feira, 09 de agosto, na cidade da Lapa.<\/p>\n\n\n\n<p>Segundo informa\u00e7\u00f5es, o caminh\u00e3o teria sido visto pela \u00faltima vez pr\u00f3ximo ao ped\u00e1gio e o sistema de monitoramento teria identificado que o ve\u00edculo estaria em Vargem Grande (SP), sentido \u00e0 Minas Gerais.<\/p>\n\n\n\n<figure class=\"wp-block-image size-full\"><img loading=\"lazy\" decoding=\"async\" width=\"598\" height=\"204\" src=\"https:\/\/radiostudiow.com.br\/site\/wp-content\/uploads\/2024\/04\/image-39.png\" alt=\"\" class=\"wp-image-21311\" srcset=\"https:\/\/radiostudiow.com.br\/site\/wp-content\/uploads\/2024\/04\/image-39.png 598w, https:\/\/radiostudiow.com.br\/site\/wp-content\/uploads\/2024\/04\/image-39-300x102.png 300w\" sizes=\"auto, (max-width: 598px) 100vw, 598px\" \/><\/figure>\n\n\n\n<p>O caso foi registrado na pol\u00edcia e qualquer informa\u00e7\u00e3o que possa contribuir na localiza\u00e7\u00e3o do caminh\u00e3o pode ser repassada atrav\u00e9s do telefone 190.<\/p>\n","protected":false},"excerpt":{"rendered":"<p>Um caminh\u00e3o Volvo VM 270 de cor branca, placas MKG-2F74, foi furtado na \u00faltima sexta-feira, 09 de agosto, na cidade da Lapa. Segundo informa\u00e7\u00f5es, o caminh\u00e3o teria sido visto pela \u00faltima vez pr\u00f3ximo ao ped\u00e1gio e o sistema de monitoramento teria identificado que o ve\u00edculo estaria em Vargem Grande (SP), sentido \u00e0 Minas Gerais. O [&hellip;]<\/p>\n","protected":false},"author":2,"featured_media":25818,"comment_status":"open","ping_status":"open","sticky":false,"template":"","format":"standard","meta":{"footnotes":""},"categories":[2],"tags":[172],"class_list":["post-25817","post","type-post","status-publish","format-standard","has-post-thumbnail","hentry","category-policial","tag-featured"],"amp_enabled":true,"_links":{"self":[{"href":"https:\/\/radiostudiow.com.br\/site\/wp-json\/wp\/v2\/posts\/25817","targetHints":{"allow":["GET"]}}],"collection":[{"href":"https:\/\/radiostudiow.com.br\/site\/wp-json\/wp\/v2\/posts"}],"about":[{"href":"https:\/\/radiostudiow.com.br\/site\/wp-json\/wp\/v2\/types\/post"}],"author":[{"embeddable":true,"href":"https:\/\/radiostudiow.com.br\/site\/wp-json\/wp\/v2\/users\/2"}],"replies":[{"embeddable":true,"href":"https:\/\/radiostudiow.com.br\/site\/wp-json\/wp\/v2\/comments?post=25817"}],"version-history":[{"count":1,"href":"https:\/\/radiostudiow.com.br\/site\/wp-json\/wp\/v2\/posts\/25817\/revisions"}],"predecessor-version":[{"id":25819,"href":"https:\/\/radiostudiow.com.br\/site\/wp-json\/wp\/v2\/posts\/25817\/revisions\/25819"}],"wp:featuredmedia":[{"embeddable":true,"href":"https:\/\/radiostudiow.com.br\/site\/wp-json\/wp\/v2\/media\/25818"}],"wp:attachment":[{"href":"https:\/\/radiostudiow.com.br\/site\/wp-json\/wp\/v2\/media?parent=25817"}],"wp:term":[{"taxonomy":"category","embeddable":true,"href":"https:\/\/radiostudiow.com.br\/site\/wp-json\/wp\/v2\/categories?post=25817"},{"taxonomy":"post_tag","embeddable":true,"href":"https:\/\/radiostudiow.com.br\/site\/wp-json\/wp\/v2\/tags?post=25817"}],"curies":[{"name":"wp","href":"https:\/\/api.w.org\/{rel}","templated":true}]}}