{"id":2583,"date":"2021-06-23T11:07:17","date_gmt":"2021-06-23T14:07:17","guid":{"rendered":"https:\/\/radiostudiow.com.br\/site\/?p=2583"},"modified":"2025-01-15T11:51:26","modified_gmt":"2025-01-15T14:51:26","slug":"jovem-de-23-anos-e-vitima-de-enforcamento-em-cruz-machado","status":"publish","type":"post","link":"https:\/\/radiostudiow.com.br\/site\/2021\/06\/23\/jovem-de-23-anos-e-vitima-de-enforcamento-em-cruz-machado\/","title":{"rendered":"JOVEM DE 23 ANOS \u00c9 V\u00cdTIMA DE ENFORCAMENTO EM S\u00c3O MATEUS DO SUL"},"content":{"rendered":"\n<p>O Instituto M\u00e9dico Legal \u2013 IML de Uni\u00e3o da Vit\u00f3ria recolheu o corpo de um jovem de apenas 23 anos de idade, v\u00edtima de enforcamento. A situa\u00e7\u00e3o aconteceu durante essa ter\u00e7a-feira, 22 de junho, na cidade de S\u00e3o Mateus do Sul.<\/p>\n\n\n\n<p>De acordo com informa\u00e7\u00f5es, o Corpo de Bombeiros de S\u00e3o Mateus do Sul atendeu a situa\u00e7\u00e3o no bairro Vila Amaral, no meio da tarde, aonde o jovem foi encontrado no ch\u00e3o com les\u00f5es do pesco\u00e7o. Ele chegou a ser socorrido e encaminhado ao Pronto Atendimento, mas acabou morrendo.<\/p>\n\n\n\n<p>O corpo foi encaminhado ao IML de Uni\u00e3o da Vit\u00f3ria j\u00e1 no per\u00edodo da noite, aonde passar\u00e1 pelos procedimentos cab\u00edveis e dever\u00e1 ser liberado para a fam\u00edlia at\u00e9 o fim da manh\u00e3 desta quarta-feira (23).<\/p>\n\n\n\n<figure class=\"wp-block-image size-large\"><img decoding=\"async\" src=\"https:\/\/radiostudiow.com.br\/site\/wp-content\/uploads\/2021\/05\/421-4219753_homem-homem-png.png\" alt=\"\" class=\"wp-image-2170\"\/><\/figure>\n","protected":false},"excerpt":{"rendered":"<p>O Instituto M\u00e9dico Legal \u2013 IML de Uni\u00e3o da Vit\u00f3ria recolheu o corpo de um jovem de apenas 23 anos de idade, v\u00edtima de enforcamento. A situa\u00e7\u00e3o aconteceu durante essa ter\u00e7a-feira, 22 de junho, na cidade de S\u00e3o Mateus do Sul. De acordo com informa\u00e7\u00f5es, o Corpo de Bombeiros de S\u00e3o Mateus do Sul atendeu [&hellip;]<\/p>\n","protected":false},"author":2,"featured_media":2335,"comment_status":"open","ping_status":"open","sticky":false,"template":"","format":"standard","meta":{"footnotes":""},"categories":[2,185],"tags":[172],"class_list":["post-2583","post","type-post","status-publish","format-standard","has-post-thumbnail","hentry","category-policial","category-regional","tag-featured"],"amp_enabled":true,"_links":{"self":[{"href":"https:\/\/radiostudiow.com.br\/site\/wp-json\/wp\/v2\/posts\/2583","targetHints":{"allow":["GET"]}}],"collection":[{"href":"https:\/\/radiostudiow.com.br\/site\/wp-json\/wp\/v2\/posts"}],"about":[{"href":"https:\/\/radiostudiow.com.br\/site\/wp-json\/wp\/v2\/types\/post"}],"author":[{"embeddable":true,"href":"https:\/\/radiostudiow.com.br\/site\/wp-json\/wp\/v2\/users\/2"}],"replies":[{"embeddable":true,"href":"https:\/\/radiostudiow.com.br\/site\/wp-json\/wp\/v2\/comments?post=2583"}],"version-history":[{"count":2,"href":"https:\/\/radiostudiow.com.br\/site\/wp-json\/wp\/v2\/posts\/2583\/revisions"}],"predecessor-version":[{"id":2586,"href":"https:\/\/radiostudiow.com.br\/site\/wp-json\/wp\/v2\/posts\/2583\/revisions\/2586"}],"wp:featuredmedia":[{"embeddable":true,"href":"https:\/\/radiostudiow.com.br\/site\/wp-json\/wp\/v2\/media\/2335"}],"wp:attachment":[{"href":"https:\/\/radiostudiow.com.br\/site\/wp-json\/wp\/v2\/media?parent=2583"}],"wp:term":[{"taxonomy":"category","embeddable":true,"href":"https:\/\/radiostudiow.com.br\/site\/wp-json\/wp\/v2\/categories?post=2583"},{"taxonomy":"post_tag","embeddable":true,"href":"https:\/\/radiostudiow.com.br\/site\/wp-json\/wp\/v2\/tags?post=2583"}],"curies":[{"name":"wp","href":"https:\/\/api.w.org\/{rel}","templated":true}]}}