{"id":25830,"date":"2024-08-12T17:52:56","date_gmt":"2024-08-12T20:52:56","guid":{"rendered":"https:\/\/radiostudiow.com.br\/site\/?p=25830"},"modified":"2025-01-31T14:59:02","modified_gmt":"2025-01-31T17:59:02","slug":"incendio-em-vegetacao-mobiliza-corpo-de-bombeiros-em-uniao-da-vitoria","status":"publish","type":"post","link":"https:\/\/radiostudiow.com.br\/site\/2024\/08\/12\/incendio-em-vegetacao-mobiliza-corpo-de-bombeiros-em-uniao-da-vitoria\/","title":{"rendered":"Inc\u00eandio em vegeta\u00e7\u00e3o mobiliza Corpo de Bombeiros em Uni\u00e3o da Vit\u00f3ria"},"content":{"rendered":"\n<p>O Corpo de Bombeiros de Uni\u00e3o da Vit\u00f3ria foi acionado para controlar um inc\u00eandio em vegeta\u00e7\u00e3o nas proximidades da rua Ivaldo Tomazi, no bairro Cidade Jardim por volta das 14 horas desta segunda-feira (12).<\/p>\n\n\n\n<figure class=\"wp-block-image size-full\"><img loading=\"lazy\" decoding=\"async\" width=\"897\" height=\"204\" src=\"https:\/\/radiostudiow.com.br\/site\/wp-content\/uploads\/2024\/04\/image-50.png\" alt=\"\" class=\"wp-image-21368\" srcset=\"https:\/\/radiostudiow.com.br\/site\/wp-content\/uploads\/2024\/04\/image-50.png 897w, https:\/\/radiostudiow.com.br\/site\/wp-content\/uploads\/2024\/04\/image-50-300x68.png 300w, https:\/\/radiostudiow.com.br\/site\/wp-content\/uploads\/2024\/04\/image-50-768x175.png 768w\" sizes=\"auto, (max-width: 897px) 100vw, 897px\" \/><\/figure>\n\n\n\n<p>Antes da interven\u00e7\u00e3o dos bombeiros, imagens e v\u00eddeos que circulavam nas redes sociais mostraram uma densa cortina de fuma\u00e7a, que alarmou os moradores da regi\u00e3o.&nbsp;A fuma\u00e7a podia ser avistada a uma consider\u00e1vel dist\u00e2ncia, gerando preocupa\u00e7\u00e3o entre os residentes.<\/p>\n\n\n\n<p>O inc\u00eandio ocorreu pr\u00f3ximo h\u00e1 escolas e v\u00e1rias resid\u00eancias, o que aumenta a preocupa\u00e7\u00e3o com a seguran\u00e7a da comunidade.<\/p>\n\n\n\n<p>O Corpo de Bombeiros orienta a import\u00e2ncia da vigil\u00e2ncia em \u00e1reas com vegeta\u00e7\u00e3o, especialmente em per\u00edodos de tempo seco, quando o risco de inc\u00eandios aumenta.<\/p>\n\n\n\n<figure class=\"wp-block-image size-full\"><img decoding=\"async\" src=\"https:\/\/radiostudiow.com.br\/site\/wp-content\/uploads\/2024\/04\/image-45.png\" alt=\"\" class=\"wp-image-21394\"\/><\/figure>\n\n\n\n<figure class=\"wp-block-video\"><video controls src=\"https:\/\/radiostudiow.com.br\/site\/wp-content\/uploads\/2024\/08\/WhatsApp-Video-2024-08-12-at-15.06.37.mp4\"><\/video><\/figure>\n","protected":false},"excerpt":{"rendered":"<p>O Corpo de Bombeiros de Uni\u00e3o da Vit\u00f3ria foi acionado para controlar um inc\u00eandio em vegeta\u00e7\u00e3o nas proximidades da rua Ivaldo Tomazi, no bairro Cidade Jardim por volta das 14 horas desta segunda-feira (12). Antes da interven\u00e7\u00e3o dos bombeiros, imagens e v\u00eddeos que circulavam nas redes sociais mostraram uma densa cortina de fuma\u00e7a, que alarmou [&hellip;]<\/p>\n","protected":false},"author":2,"featured_media":25833,"comment_status":"open","ping_status":"open","sticky":false,"template":"","format":"standard","meta":{"footnotes":""},"categories":[185],"tags":[172],"class_list":["post-25830","post","type-post","status-publish","format-standard","has-post-thumbnail","hentry","category-regional","tag-featured"],"amp_enabled":true,"_links":{"self":[{"href":"https:\/\/radiostudiow.com.br\/site\/wp-json\/wp\/v2\/posts\/25830","targetHints":{"allow":["GET"]}}],"collection":[{"href":"https:\/\/radiostudiow.com.br\/site\/wp-json\/wp\/v2\/posts"}],"about":[{"href":"https:\/\/radiostudiow.com.br\/site\/wp-json\/wp\/v2\/types\/post"}],"author":[{"embeddable":true,"href":"https:\/\/radiostudiow.com.br\/site\/wp-json\/wp\/v2\/users\/2"}],"replies":[{"embeddable":true,"href":"https:\/\/radiostudiow.com.br\/site\/wp-json\/wp\/v2\/comments?post=25830"}],"version-history":[{"count":3,"href":"https:\/\/radiostudiow.com.br\/site\/wp-json\/wp\/v2\/posts\/25830\/revisions"}],"predecessor-version":[{"id":25835,"href":"https:\/\/radiostudiow.com.br\/site\/wp-json\/wp\/v2\/posts\/25830\/revisions\/25835"}],"wp:featuredmedia":[{"embeddable":true,"href":"https:\/\/radiostudiow.com.br\/site\/wp-json\/wp\/v2\/media\/25833"}],"wp:attachment":[{"href":"https:\/\/radiostudiow.com.br\/site\/wp-json\/wp\/v2\/media?parent=25830"}],"wp:term":[{"taxonomy":"category","embeddable":true,"href":"https:\/\/radiostudiow.com.br\/site\/wp-json\/wp\/v2\/categories?post=25830"},{"taxonomy":"post_tag","embeddable":true,"href":"https:\/\/radiostudiow.com.br\/site\/wp-json\/wp\/v2\/tags?post=25830"}],"curies":[{"name":"wp","href":"https:\/\/api.w.org\/{rel}","templated":true}]}}