{"id":25838,"date":"2024-08-12T18:10:10","date_gmt":"2024-08-12T21:10:10","guid":{"rendered":"https:\/\/radiostudiow.com.br\/site\/?p=25838"},"modified":"2025-01-31T14:59:02","modified_gmt":"2025-01-31T17:59:02","slug":"acidente-entre-carro-e-caminhao-mobiliza-bombeiros-em-uniao-da-vitoria","status":"publish","type":"post","link":"https:\/\/radiostudiow.com.br\/site\/2024\/08\/12\/acidente-entre-carro-e-caminhao-mobiliza-bombeiros-em-uniao-da-vitoria\/","title":{"rendered":"Acidente entre carro e caminh\u00e3o mobiliza Bombeiros em Uni\u00e3o da Vit\u00f3ria"},"content":{"rendered":"\n<p>A equipe do Corpo de Bombeiros da cidade de Uni\u00e3o da Vit\u00f3ria esteve atendendo a uma ocorr\u00eancia de acidente de tr\u00e2nsito por volta das 16:10 horas desse domingo (11).<\/p>\n\n\n\n<figure class=\"wp-block-image size-large\"><img loading=\"lazy\" decoding=\"async\" width=\"1024\" height=\"390\" src=\"https:\/\/radiostudiow.com.br\/site\/wp-content\/uploads\/2024\/06\/449383450_900410565459867_7398886830294326458_n-1024x390.png\" alt=\"\" class=\"wp-image-24042\" srcset=\"https:\/\/radiostudiow.com.br\/site\/wp-content\/uploads\/2024\/06\/449383450_900410565459867_7398886830294326458_n-1024x390.png 1024w, https:\/\/radiostudiow.com.br\/site\/wp-content\/uploads\/2024\/06\/449383450_900410565459867_7398886830294326458_n-300x114.png 300w, https:\/\/radiostudiow.com.br\/site\/wp-content\/uploads\/2024\/06\/449383450_900410565459867_7398886830294326458_n-768x292.png 768w, https:\/\/radiostudiow.com.br\/site\/wp-content\/uploads\/2024\/06\/449383450_900410565459867_7398886830294326458_n-1536x584.png 1536w, https:\/\/radiostudiow.com.br\/site\/wp-content\/uploads\/2024\/06\/449383450_900410565459867_7398886830294326458_n-2048x779.png 2048w\" sizes=\"auto, (max-width: 1024px) 100vw, 1024px\" \/><\/figure>\n\n\n\n<p>Conforme informa\u00e7\u00f5es, o acidente foi registrado na rua Marechal Deodoro, na \u00e1rea central e envolveu um caminh\u00e3o VW\/24.280 de cor branca e um ve\u00edculo GM\/Tracker de cor branca.<\/p>\n\n\n\n<p>Com a batida, um homem de 57 anos de idade, sofreu apenas escoria\u00e7\u00f5es. Ele recusou encaminhamento para cuidados m\u00e9dicos, recebendo as orienta\u00e7\u00f5es necess\u00e1rias.<\/p>\n","protected":false},"excerpt":{"rendered":"<p>A equipe do Corpo de Bombeiros da cidade de Uni\u00e3o da Vit\u00f3ria esteve atendendo a uma ocorr\u00eancia de acidente de tr\u00e2nsito por volta das 16:10 horas desse domingo (11). Conforme informa\u00e7\u00f5es, o acidente foi registrado na rua Marechal Deodoro, na \u00e1rea central e envolveu um caminh\u00e3o VW\/24.280 de cor branca e um ve\u00edculo GM\/Tracker de [&hellip;]<\/p>\n","protected":false},"author":2,"featured_media":10918,"comment_status":"open","ping_status":"open","sticky":false,"template":"","format":"standard","meta":{"footnotes":""},"categories":[2],"tags":[172],"class_list":["post-25838","post","type-post","status-publish","format-standard","has-post-thumbnail","hentry","category-policial","tag-featured"],"amp_enabled":true,"_links":{"self":[{"href":"https:\/\/radiostudiow.com.br\/site\/wp-json\/wp\/v2\/posts\/25838","targetHints":{"allow":["GET"]}}],"collection":[{"href":"https:\/\/radiostudiow.com.br\/site\/wp-json\/wp\/v2\/posts"}],"about":[{"href":"https:\/\/radiostudiow.com.br\/site\/wp-json\/wp\/v2\/types\/post"}],"author":[{"embeddable":true,"href":"https:\/\/radiostudiow.com.br\/site\/wp-json\/wp\/v2\/users\/2"}],"replies":[{"embeddable":true,"href":"https:\/\/radiostudiow.com.br\/site\/wp-json\/wp\/v2\/comments?post=25838"}],"version-history":[{"count":1,"href":"https:\/\/radiostudiow.com.br\/site\/wp-json\/wp\/v2\/posts\/25838\/revisions"}],"predecessor-version":[{"id":25839,"href":"https:\/\/radiostudiow.com.br\/site\/wp-json\/wp\/v2\/posts\/25838\/revisions\/25839"}],"wp:featuredmedia":[{"embeddable":true,"href":"https:\/\/radiostudiow.com.br\/site\/wp-json\/wp\/v2\/media\/10918"}],"wp:attachment":[{"href":"https:\/\/radiostudiow.com.br\/site\/wp-json\/wp\/v2\/media?parent=25838"}],"wp:term":[{"taxonomy":"category","embeddable":true,"href":"https:\/\/radiostudiow.com.br\/site\/wp-json\/wp\/v2\/categories?post=25838"},{"taxonomy":"post_tag","embeddable":true,"href":"https:\/\/radiostudiow.com.br\/site\/wp-json\/wp\/v2\/tags?post=25838"}],"curies":[{"name":"wp","href":"https:\/\/api.w.org\/{rel}","templated":true}]}}