{"id":25840,"date":"2024-08-12T18:13:53","date_gmt":"2024-08-12T21:13:53","guid":{"rendered":"https:\/\/radiostudiow.com.br\/site\/?p=25840"},"modified":"2025-01-31T14:59:02","modified_gmt":"2025-01-31T17:59:02","slug":"motociclista-fica-ferido-apos-acidente-em-uniao-da-vitoria","status":"publish","type":"post","link":"https:\/\/radiostudiow.com.br\/site\/2024\/08\/12\/motociclista-fica-ferido-apos-acidente-em-uniao-da-vitoria\/","title":{"rendered":"Motociclista fica ferido ap\u00f3s acidente em Uni\u00e3o da Vit\u00f3ria"},"content":{"rendered":"\n<p>O acidente foi registrado na esquina entre a Rua Coronel Amazonas e a Avenida Wilkys Amazonas Correia, no bairro Nossa Senhora da Salete, em Uni\u00e3o da Vit\u00f3ria na noite deste domingo (11).<\/p>\n\n\n\n<figure class=\"wp-block-image size-full\"><img loading=\"lazy\" decoding=\"async\" width=\"598\" height=\"204\" src=\"https:\/\/radiostudiow.com.br\/site\/wp-content\/uploads\/2024\/04\/image-39.png\" alt=\"\" class=\"wp-image-21311\" srcset=\"https:\/\/radiostudiow.com.br\/site\/wp-content\/uploads\/2024\/04\/image-39.png 598w, https:\/\/radiostudiow.com.br\/site\/wp-content\/uploads\/2024\/04\/image-39-300x102.png 300w\" sizes=\"auto, (max-width: 598px) 100vw, 598px\" \/><\/figure>\n\n\n\n<p>O condutor da moto sofreu ferimentos moderados ao cair. O Corpo de Bombeiros de Uni\u00e3o da Vit\u00f3ria foi acionado para atender a ocorr\u00eancia e encaminhou a v\u00edtima para o hospital.<\/p>\n","protected":false},"excerpt":{"rendered":"<p>O acidente foi registrado na esquina entre a Rua Coronel Amazonas e a Avenida Wilkys Amazonas Correia, no bairro Nossa Senhora da Salete, em Uni\u00e3o da Vit\u00f3ria na noite deste domingo (11). O condutor da moto sofreu ferimentos moderados ao cair. O Corpo de Bombeiros de Uni\u00e3o da Vit\u00f3ria foi acionado para atender a ocorr\u00eancia [&hellip;]<\/p>\n","protected":false},"author":2,"featured_media":25841,"comment_status":"open","ping_status":"open","sticky":false,"template":"","format":"standard","meta":{"footnotes":""},"categories":[185],"tags":[172],"class_list":["post-25840","post","type-post","status-publish","format-standard","has-post-thumbnail","hentry","category-regional","tag-featured"],"amp_enabled":true,"_links":{"self":[{"href":"https:\/\/radiostudiow.com.br\/site\/wp-json\/wp\/v2\/posts\/25840","targetHints":{"allow":["GET"]}}],"collection":[{"href":"https:\/\/radiostudiow.com.br\/site\/wp-json\/wp\/v2\/posts"}],"about":[{"href":"https:\/\/radiostudiow.com.br\/site\/wp-json\/wp\/v2\/types\/post"}],"author":[{"embeddable":true,"href":"https:\/\/radiostudiow.com.br\/site\/wp-json\/wp\/v2\/users\/2"}],"replies":[{"embeddable":true,"href":"https:\/\/radiostudiow.com.br\/site\/wp-json\/wp\/v2\/comments?post=25840"}],"version-history":[{"count":1,"href":"https:\/\/radiostudiow.com.br\/site\/wp-json\/wp\/v2\/posts\/25840\/revisions"}],"predecessor-version":[{"id":25842,"href":"https:\/\/radiostudiow.com.br\/site\/wp-json\/wp\/v2\/posts\/25840\/revisions\/25842"}],"wp:featuredmedia":[{"embeddable":true,"href":"https:\/\/radiostudiow.com.br\/site\/wp-json\/wp\/v2\/media\/25841"}],"wp:attachment":[{"href":"https:\/\/radiostudiow.com.br\/site\/wp-json\/wp\/v2\/media?parent=25840"}],"wp:term":[{"taxonomy":"category","embeddable":true,"href":"https:\/\/radiostudiow.com.br\/site\/wp-json\/wp\/v2\/categories?post=25840"},{"taxonomy":"post_tag","embeddable":true,"href":"https:\/\/radiostudiow.com.br\/site\/wp-json\/wp\/v2\/tags?post=25840"}],"curies":[{"name":"wp","href":"https:\/\/api.w.org\/{rel}","templated":true}]}}