{"id":25843,"date":"2024-08-12T18:43:23","date_gmt":"2024-08-12T21:43:23","guid":{"rendered":"https:\/\/radiostudiow.com.br\/site\/?p=25843"},"modified":"2025-01-31T14:59:01","modified_gmt":"2025-01-31T17:59:01","slug":"prouni-pre-selecionados-devem-apresentar-documentacao-ate-quarta","status":"publish","type":"post","link":"https:\/\/radiostudiow.com.br\/site\/2024\/08\/12\/prouni-pre-selecionados-devem-apresentar-documentacao-ate-quarta\/","title":{"rendered":"Prouni: pr\u00e9-selecionados devem apresentar documenta\u00e7\u00e3o at\u00e9 quarta"},"content":{"rendered":"\n<p>Os candidatos pr\u00e9-selecionados na primeira chamada do Programa Universidade para Todos (Prouni) referente ao processo seletivo do segundo semestre de 2024 devem apresentar sua documenta\u00e7\u00e3o \u00e0s institui\u00e7\u00f5es de educa\u00e7\u00e3o superior at\u00e9 quarta-feira (14).<img decoding=\"async\" src=\"https:\/\/agenciabrasil.ebc.com.br\/ebc.png?id=1607551&amp;o=node\"><img decoding=\"async\" src=\"https:\/\/agenciabrasil.ebc.com.br\/ebc.gif?id=1607551&amp;o=node\"><\/p>\n\n\n\n<p>O programa federal oferece bolsas de estudo\u202fintegrais e parciais\u202fem cursos de gradua\u00e7\u00e3o e sequenciais de forma\u00e7\u00e3o espec\u00edfica em institui\u00e7\u00f5es de educa\u00e7\u00e3o superior privadas. A iniciativa tem duas\u202fedi\u00e7\u00f5es por\u202fano.<\/p>\n\n\n\n<figure class=\"wp-block-image size-full\"><img loading=\"lazy\" decoding=\"async\" width=\"598\" height=\"204\" src=\"https:\/\/radiostudiow.com.br\/site\/wp-content\/uploads\/2024\/04\/image-29.png\" alt=\"\" class=\"wp-image-21283\" srcset=\"https:\/\/radiostudiow.com.br\/site\/wp-content\/uploads\/2024\/04\/image-29.png 598w, https:\/\/radiostudiow.com.br\/site\/wp-content\/uploads\/2024\/04\/image-29-300x102.png 300w\" sizes=\"auto, (max-width: 598px) 100vw, 598px\" \/><\/figure>\n\n\n\n<p>Em 2024, o MEC ofertou 651.483 bolsas no Prouni, entre integrais (100%) e parciais (50%). Nas duas edi\u00e7\u00f5es do ano, o programa teve 910.419 candidatos inscritos. Como cada participante pode escolher at\u00e9 dois cursos, o Prouni teve mais de 1,8 milh\u00e3o de inscri\u00e7\u00f5es neste ano.<\/p>\n\n\n\n<p>O Minist\u00e9rio da Educa\u00e7\u00e3o (MEC) divulgou o&nbsp;<a href=\"https:\/\/agenciabrasil.ebc.com.br\/educacao\/noticia\/2024-08\/mec-divulga-resultado-do-prouni-2024-do-segundo-semestre\" target=\"_blank\" rel=\"noreferrer noopener\">resultado da primeira chamada<\/a>&nbsp;em 31 de julho,&nbsp;no&nbsp;<a href=\"https:\/\/agenciabrasil.ebc.com.br\/educacao\/noticia\/2024-08\/mec-divulga-resultado-do-prouni-2024-do-segundo-semestre\" target=\"_blank\" rel=\"noreferrer noopener\">Portal \u00danico de Acesso ao Ensino Superior<\/a>.<\/p>\n\n\n\n<h2 class=\"wp-block-heading\">Comprova\u00e7\u00e3o<\/h2>\n\n\n\n<p>Os candidatos podem entregar a documenta\u00e7\u00e3o para comprovar as informa\u00e7\u00f5es prestadas no ato de inscri\u00e7\u00e3o presencialmente ou encaminhar por meio virtual\u202f\u00e0s\u202finstitui\u00e7\u00f5es\u202fpara as quais\u202fforam\u202fpr\u00e9-aprovados. A documenta\u00e7\u00e3o ser\u00e1 encaminhada ao coordenador do Prouni dentro da pr\u00f3pria institui\u00e7\u00e3o.<\/p>\n\n\n\n<p>A institui\u00e7\u00e3o dever\u00e1 disponibilizar, em suas p\u00e1ginas na internet, campo espec\u00edfico para o encaminhamento. Ao receber a documenta\u00e7\u00e3o do candidato, as institui\u00e7\u00f5es de educa\u00e7\u00e3o superior privada devem, obrigatoriamente, entregar ao candidato um comprovante da entrega da documenta\u00e7\u00e3o.<\/p>\n\n\n\n<p>Al\u00e9m disso, precisar\u00e3o registrar a aprova\u00e7\u00e3o ou reprova\u00e7\u00e3o dos participantes no Sistema Informatizado do Prouni (Sisprouni) e emitir os termos de concess\u00e3o de bolsa ou termos de reprova\u00e7\u00e3o at\u00e9 sexta-feira (16).<\/p>\n\n\n\n<figure class=\"wp-block-image size-large\"><img decoding=\"async\" src=\"https:\/\/radiostudiow.com.br\/site\/wp-content\/uploads\/2024\/05\/86140-nacional-tv-coops-comunicacao-interna-pos-campanha-de-educacao-financeira-2024-1-1024x576.png\" alt=\"\" class=\"wp-image-23087\"\/><\/figure>\n\n\n\n<p>Os estudantes\u202fno\u202fprograma federal devem ficar atentos\u202fquanto \u00e0 exist\u00eancia de eventuais exig\u00eancias adicionais por\u202fparte das institui\u00e7\u00f5es de ensino, como submeter os pr\u00e9-selecionados a um processo seletivo pr\u00f3prio, que pode ser diferente do vestibular. Nestes casos, n\u00e3o poder\u00e1 ser cobrada qualquer taxa do candidato.<\/p>\n\n\n\n<p>O MEC informa que \u00e9 de inteira responsabilidade do candidato verificar, na institui\u00e7\u00e3o, os hor\u00e1rios e o local de comparecimento para a aferi\u00e7\u00e3o das informa\u00e7\u00f5es. A perda do prazo ou a n\u00e3o comprova\u00e7\u00e3o das informa\u00e7\u00f5es implicar\u00e1, automaticamente, na reprova\u00e7\u00e3o do candidato.<\/p>\n\n\n\n<p>As<a href=\"https:\/\/prouniportal.mec.gov.br\/legislacao\/144-legislacao-2024\" target=\"_blank\" rel=\"noreferrer noopener\">&nbsp;regras<\/a>&nbsp;est\u00e3o dispon\u00edveis nos editais do Prouni de 2024.<\/p>\n\n\n\n<h2 class=\"wp-block-heading\">Cronograma<\/h2>\n\n\n\n<p>Ap\u00f3s o per\u00edodo de comprova\u00e7\u00e3o das informa\u00e7\u00f5es, ser\u00e1 divulgada em 20 de agosto a lista\u202fdos\u202fcandidatos\u202fpr\u00e9-selecionados para segunda chamada do segundo Prouni de 2024. O acesso \u00e0 lista, tamb\u00e9m est\u00e1 no Portal\u202f\u00danico de\u202fAcesso ao Ensino Superior. E a apresenta\u00e7\u00e3o dos documentos pelos estudantes dever\u00e1 ser feita at\u00e9 30 de agosto.&nbsp;<\/p>\n\n\n\n<p>Os estudantes que n\u00e3o foram pr\u00e9-selecionados nas duas chamadas anteriores podem participar da lista de espera. Os interessados dever\u00e3o manifestar seu interesse por meio da&nbsp;<a href=\"https:\/\/acessounico.mec.gov.br\/prouni\" target=\"_blank\" rel=\"noreferrer noopener\">p\u00e1gina do Prouni<\/a>, entre 9 e 10 de setembro de 2024.<\/p>\n\n\n\n<p>A lista de espera estar\u00e1 dispon\u00edvel no dia 13 de setembro, no Sistema do Prouni (Sisprouni), para consulta pelas institui\u00e7\u00f5es de educa\u00e7\u00e3o superior e pelos candidatos.<\/p>\n\n\n\n<h2 class=\"wp-block-heading\">Prouni<\/h2>\n\n\n\n<p>Criado em 2004, o\u202fProuni\u202fcusteia bolsas de estudo (integrais e parciais) em cursos de gradua\u00e7\u00e3o e sequenciais de forma\u00e7\u00e3o espec\u00edfica em institui\u00e7\u00f5es de educa\u00e7\u00e3o superior privadas.\u202f<\/p>\n\n\n\n<p>Para bolsas integrais, a renda familiar bruta mensal per capita do candidato inscrito n\u00e3o pode exceder o valor de um sal\u00e1rio-m\u00ednimo e meio (R$ 2.118 por pessoa). No caso de bolsas parciais, a renda familiar bruta mensal por pessoa n\u00e3o pode ultrapassar o valor de tr\u00eas sal\u00e1rios m\u00ednimos (R$ 4.236 por pessoa, em 2024).<\/p>\n\n\n\n<p>O MEC aponta que o p\u00fablico-alvo a ser beneficiado \u00e9 o estudante sem diploma de n\u00edvel superior.<\/p>\n\n\n\n<p>Para esclarecimento de d\u00favidas, o MEC disponibiliza o telefone 0800-616161.<\/p>\n","protected":false},"excerpt":{"rendered":"<p>Os candidatos pr\u00e9-selecionados na primeira chamada do Programa Universidade para Todos (Prouni) referente ao processo seletivo do segundo semestre de 2024 devem apresentar sua documenta\u00e7\u00e3o \u00e0s institui\u00e7\u00f5es de educa\u00e7\u00e3o superior at\u00e9 quarta-feira (14). O programa federal oferece bolsas de estudo\u202fintegrais e parciais\u202fem cursos de gradua\u00e7\u00e3o e sequenciais de forma\u00e7\u00e3o espec\u00edfica em institui\u00e7\u00f5es de educa\u00e7\u00e3o superior [&hellip;]<\/p>\n","protected":false},"author":2,"featured_media":25844,"comment_status":"open","ping_status":"open","sticky":false,"template":"","format":"standard","meta":{"footnotes":""},"categories":[7],"tags":[172],"class_list":["post-25843","post","type-post","status-publish","format-standard","has-post-thumbnail","hentry","category-geral","tag-featured"],"amp_enabled":true,"_links":{"self":[{"href":"https:\/\/radiostudiow.com.br\/site\/wp-json\/wp\/v2\/posts\/25843","targetHints":{"allow":["GET"]}}],"collection":[{"href":"https:\/\/radiostudiow.com.br\/site\/wp-json\/wp\/v2\/posts"}],"about":[{"href":"https:\/\/radiostudiow.com.br\/site\/wp-json\/wp\/v2\/types\/post"}],"author":[{"embeddable":true,"href":"https:\/\/radiostudiow.com.br\/site\/wp-json\/wp\/v2\/users\/2"}],"replies":[{"embeddable":true,"href":"https:\/\/radiostudiow.com.br\/site\/wp-json\/wp\/v2\/comments?post=25843"}],"version-history":[{"count":2,"href":"https:\/\/radiostudiow.com.br\/site\/wp-json\/wp\/v2\/posts\/25843\/revisions"}],"predecessor-version":[{"id":25848,"href":"https:\/\/radiostudiow.com.br\/site\/wp-json\/wp\/v2\/posts\/25843\/revisions\/25848"}],"wp:featuredmedia":[{"embeddable":true,"href":"https:\/\/radiostudiow.com.br\/site\/wp-json\/wp\/v2\/media\/25844"}],"wp:attachment":[{"href":"https:\/\/radiostudiow.com.br\/site\/wp-json\/wp\/v2\/media?parent=25843"}],"wp:term":[{"taxonomy":"category","embeddable":true,"href":"https:\/\/radiostudiow.com.br\/site\/wp-json\/wp\/v2\/categories?post=25843"},{"taxonomy":"post_tag","embeddable":true,"href":"https:\/\/radiostudiow.com.br\/site\/wp-json\/wp\/v2\/tags?post=25843"}],"curies":[{"name":"wp","href":"https:\/\/api.w.org\/{rel}","templated":true}]}}