{"id":25873,"date":"2024-08-12T21:21:06","date_gmt":"2024-08-13T00:21:06","guid":{"rendered":"https:\/\/radiostudiow.com.br\/site\/?p=25873"},"modified":"2025-01-31T14:59:01","modified_gmt":"2025-01-31T17:59:01","slug":"homem-e-atingido-com-tiro-na-cabeca-em-reboucas","status":"publish","type":"post","link":"https:\/\/radiostudiow.com.br\/site\/2024\/08\/12\/homem-e-atingido-com-tiro-na-cabeca-em-reboucas\/","title":{"rendered":"Homem \u00e9 atingido com tiro na cabe\u00e7a em Rebou\u00e7as"},"content":{"rendered":"\n<p>Um homem foi atingido com um tiro na cabe\u00e7a ap\u00f3s uma briga generalizada em um bar em Rebou\u00e7as na madrugada de s\u00e1bado (10).<\/p>\n\n\n\n<figure class=\"wp-block-image size-full\"><img loading=\"lazy\" decoding=\"async\" width=\"590\" height=\"204\" src=\"https:\/\/radiostudiow.com.br\/site\/wp-content\/uploads\/2024\/04\/image-27.png\" alt=\"\" class=\"wp-image-21280\" srcset=\"https:\/\/radiostudiow.com.br\/site\/wp-content\/uploads\/2024\/04\/image-27.png 590w, https:\/\/radiostudiow.com.br\/site\/wp-content\/uploads\/2024\/04\/image-27-300x104.png 300w\" sizes=\"auto, (max-width: 590px) 100vw, 590px\" \/><\/figure>\n\n\n\n<p>A equipe da Pol\u00edcia Militar conversou com funcion\u00e1rios do hospital Dona Darcy Vargas, os quais disseram que a muni\u00e7\u00e3o estava alojada na cabe\u00e7a da v\u00edtima, mas que o homem n\u00e3o corria risco de vida.<\/p>\n\n\n\n<p>O homem ferido afirmou que mora em outro munic\u00edpio e estava no bar apenas descontraindo com amigos. Ele alegou que n\u00e3o participou de nenhuma discuss\u00e3o. O homem foi levado para a Delegacia.<\/p>\n","protected":false},"excerpt":{"rendered":"<p>Um homem foi atingido com um tiro na cabe\u00e7a ap\u00f3s uma briga generalizada em um bar em Rebou\u00e7as na madrugada de s\u00e1bado (10). A equipe da Pol\u00edcia Militar conversou com funcion\u00e1rios do hospital Dona Darcy Vargas, os quais disseram que a muni\u00e7\u00e3o estava alojada na cabe\u00e7a da v\u00edtima, mas que o homem n\u00e3o corria risco [&hellip;]<\/p>\n","protected":false},"author":2,"featured_media":25875,"comment_status":"open","ping_status":"open","sticky":false,"template":"","format":"standard","meta":{"footnotes":""},"categories":[2],"tags":[172],"class_list":["post-25873","post","type-post","status-publish","format-standard","has-post-thumbnail","hentry","category-policial","tag-featured"],"amp_enabled":true,"_links":{"self":[{"href":"https:\/\/radiostudiow.com.br\/site\/wp-json\/wp\/v2\/posts\/25873","targetHints":{"allow":["GET"]}}],"collection":[{"href":"https:\/\/radiostudiow.com.br\/site\/wp-json\/wp\/v2\/posts"}],"about":[{"href":"https:\/\/radiostudiow.com.br\/site\/wp-json\/wp\/v2\/types\/post"}],"author":[{"embeddable":true,"href":"https:\/\/radiostudiow.com.br\/site\/wp-json\/wp\/v2\/users\/2"}],"replies":[{"embeddable":true,"href":"https:\/\/radiostudiow.com.br\/site\/wp-json\/wp\/v2\/comments?post=25873"}],"version-history":[{"count":1,"href":"https:\/\/radiostudiow.com.br\/site\/wp-json\/wp\/v2\/posts\/25873\/revisions"}],"predecessor-version":[{"id":25876,"href":"https:\/\/radiostudiow.com.br\/site\/wp-json\/wp\/v2\/posts\/25873\/revisions\/25876"}],"wp:featuredmedia":[{"embeddable":true,"href":"https:\/\/radiostudiow.com.br\/site\/wp-json\/wp\/v2\/media\/25875"}],"wp:attachment":[{"href":"https:\/\/radiostudiow.com.br\/site\/wp-json\/wp\/v2\/media?parent=25873"}],"wp:term":[{"taxonomy":"category","embeddable":true,"href":"https:\/\/radiostudiow.com.br\/site\/wp-json\/wp\/v2\/categories?post=25873"},{"taxonomy":"post_tag","embeddable":true,"href":"https:\/\/radiostudiow.com.br\/site\/wp-json\/wp\/v2\/tags?post=25873"}],"curies":[{"name":"wp","href":"https:\/\/api.w.org\/{rel}","templated":true}]}}