{"id":25884,"date":"2024-08-14T09:39:16","date_gmt":"2024-08-14T12:39:16","guid":{"rendered":"https:\/\/radiostudiow.com.br\/site\/?p=25884"},"modified":"2025-01-31T14:59:01","modified_gmt":"2025-01-31T17:59:01","slug":"parana-se-prepara-para-fim-do-vazio-sanitario-e-inicio-do-plantio-de-soja","status":"publish","type":"post","link":"https:\/\/radiostudiow.com.br\/site\/2024\/08\/14\/parana-se-prepara-para-fim-do-vazio-sanitario-e-inicio-do-plantio-de-soja\/","title":{"rendered":"Paran\u00e1 se prepara para fim do vazio sanit\u00e1rio e in\u00edcio do plantio de soja"},"content":{"rendered":"\n<p>Agricultores paranaenses est\u00e3o de olho no calend\u00e1rio para iniciar o plantio da soja. Para isso, eles precisam obedecer ao per\u00edodo de vazio sanit\u00e1rio no estado, que come\u00e7ou em 2 de junho e se estende at\u00e9 o dia 31 de agosto. Ao contr\u00e1rio das safras anteriores, em que o vazio sanit\u00e1rio tinha uma data \u00fanica para todas as regi\u00f5es do Paran\u00e1, este ano o per\u00edodo foi dividido em tr\u00eas regi\u00f5es.<\/p>\n\n\n\n<p>A medida fitossanit\u00e1ria, determinada pelo Minist\u00e9rio da Agricultura e Pecu\u00e1ria, \u00e9 importante para prevenir a dissemina\u00e7\u00e3o do fungo causador da ferrugem asi\u00e1tica, uma das mais severas doen\u00e7as que afetam a cultura da soja.<\/p>\n\n\n\n<figure class=\"wp-block-image size-full\"><img loading=\"lazy\" decoding=\"async\" width=\"897\" height=\"204\" src=\"https:\/\/radiostudiow.com.br\/site\/wp-content\/uploads\/2024\/04\/image-50.png\" alt=\"\" class=\"wp-image-21368\" srcset=\"https:\/\/radiostudiow.com.br\/site\/wp-content\/uploads\/2024\/04\/image-50.png 897w, https:\/\/radiostudiow.com.br\/site\/wp-content\/uploads\/2024\/04\/image-50-300x68.png 300w, https:\/\/radiostudiow.com.br\/site\/wp-content\/uploads\/2024\/04\/image-50-768x175.png 768w\" sizes=\"auto, (max-width: 897px) 100vw, 897px\" \/><\/figure>\n\n\n\n<p>Por um per\u00edodo m\u00ednimo de 90 dias, os agricultores n\u00e3o podem plantar nem manter plantas de soja vivas em qualquer fase de desenvolvimento nas \u00e1reas determinadas.<\/p>\n\n\n\n<p>Esta pausa no plantio ajuda a diminuir a quantidade de esporos do fungo no ambiente, reduzindo assim a probabilidade de infec\u00e7\u00e3o nas planta\u00e7\u00f5es futuras. Al\u00e9m disso, a medida permite que os agricultores planejem melhor o uso de fungicidas, economizando recursos e minimizando impactos ambientais.<\/p>\n\n\n\n<p>A colabora\u00e7\u00e3o dos produtores \u00e9 fundamental para o sucesso dessa iniciativa, que visa proteger a sa\u00fade das lavouras e garantir a produtividade da soja no estado.<\/p>\n\n\n\n<p>O calend\u00e1rio de semeadura \u00e9 adotado como medida fitossanit\u00e1ria complementar ao per\u00edodo de vazio sanit\u00e1rio. Para a defini\u00e7\u00e3o das datas, o MAPA considerou as condi\u00e7\u00f5es clim\u00e1ticas de cada regi\u00e3o:<\/p>\n\n\n\n<h2 class=\"wp-block-heading\"><strong>Datas e regras no Paran\u00e1<\/strong><\/h2>\n\n\n\n<p><strong>Regi\u00e3o 1:<\/strong> Inclui os munic\u00edpios do Sul, Leste, Campos Gerais e Litoral paranaense. Nessa \u00e1rea, o vazio sanit\u00e1rio ocorre entre 21 de junho e 19 de setembro. A semeadura poder\u00e1 ser realizada de 20 de setembro de 2024 a 18 de janeiro de 2025.<\/p>\n\n\n\n<p><strong>Regi\u00e3o 2:<\/strong> Compreende a maioria dos munic\u00edpios localizados no Norte, Noroeste, Centro-Oeste e Oeste do Paran\u00e1. O vazio sanit\u00e1rio nesta regi\u00e3o come\u00e7a mais cedo, a partir de 2 de junho, e se estende at\u00e9 31 de agosto. O plantio da soja ser\u00e1 liberado a partir de 1\u00ba de setembro de 2024 e deve ser conclu\u00eddo at\u00e9 30 de dezembro.<\/p>\n\n\n\n<p><strong>Regi\u00e3o 3: <\/strong>Abrange os munic\u00edpios do Sudoeste do Estado. O vazio sanit\u00e1rio nesta regi\u00e3o inicia em 22 de junho e vai at\u00e9 20 de setembro. A semeadura poder\u00e1 ocorrer entre 21 de setembro de 2024 e 19 de janeiro de 2025.<\/p>\n\n\n\n<p>A Ag\u00eancia de Defesa Agropecu\u00e1ria do Paran\u00e1 (Adapar) refor\u00e7a a import\u00e2ncia de todos os agricultores seguirem essas diretrizes para proteger suas lavouras e garantir uma produ\u00e7\u00e3o saud\u00e1vel e produtiva. O cumprimento dessas regras \u00e9 fundamental para minimizar os custos e preservar a produtividade das lavouras.<\/p>\n\n\n\n<figure class=\"wp-block-image size-large\"><img loading=\"lazy\" decoding=\"async\" width=\"1024\" height=\"768\" src=\"https:\/\/radiostudiow.com.br\/site\/wp-content\/uploads\/2024\/08\/image-18-1024x768.png\" alt=\"\" class=\"wp-image-25901\" srcset=\"https:\/\/radiostudiow.com.br\/site\/wp-content\/uploads\/2024\/08\/image-18-1024x768.png 1024w, https:\/\/radiostudiow.com.br\/site\/wp-content\/uploads\/2024\/08\/image-18-300x225.png 300w, https:\/\/radiostudiow.com.br\/site\/wp-content\/uploads\/2024\/08\/image-18-768x576.png 768w, https:\/\/radiostudiow.com.br\/site\/wp-content\/uploads\/2024\/08\/image-18.png 1280w\" sizes=\"auto, (max-width: 1024px) 100vw, 1024px\" \/><\/figure>\n\n\n\n<p><strong>Safra 2024\/25<\/strong><\/p>\n\n\n\n<p>As proje\u00e7\u00f5es do Departamento de Agricultura dos Estados Unidos (USDA) estimam que a produ\u00e7\u00e3o global de soja para o ciclo 2024\/25 aumente 6,7% em rela\u00e7\u00e3o \u00e0 campanha anterior, passando de 395,4 para 421,9 milh\u00f5es de toneladas.<\/p>\n\n\n\n<p>Para o Brasil, as estimativas s\u00e3o ainda mais otimistas, com previs\u00e3o de aumento de 10,5% na colheita da soja, o que faria a produ\u00e7\u00e3o atingir 169 milh\u00f5es de toneladas.<\/p>\n\n\n\n<p>Fernanda Rodrigues da Silva, gerente da Loc Solution, empresa que det\u00e9m a marca Motomco de aparelhos medidores de umidade, informou que s\u00e3o muito boas as expectativas para a pr\u00f3xima safra. O passo inicial da empresa, segundo ela,&nbsp; \u00e9 fazer um planejamento estrat\u00e9gico de vendas e loca\u00e7\u00e3o de aparelhos medidores de umidade e acess\u00f3rios para a safra de ver\u00e3o.<\/p>\n\n\n\n<blockquote class=\"wp-block-quote is-layout-flow wp-block-quote-is-layout-flow\">\n<p>\u201cCom esse planejamento, conseguimos ter clareza sobre quais metas podem ser atingidas com maior objetividade pela empresa no pr\u00f3ximo ano. Al\u00e9m disso, vamos continuar oferecendo aos clientes os melhores aparelhos do mercado\u201d, afirma Fernanda.<\/p>\n<\/blockquote>\n\n\n\n<figure class=\"wp-block-image size-full\"><img decoding=\"async\" src=\"https:\/\/radiostudiow.com.br\/site\/wp-content\/uploads\/2024\/04\/image-58.png\" alt=\"\" class=\"wp-image-21416\"\/><\/figure>\n\n\n\n<blockquote class=\"wp-block-quote is-layout-flow wp-block-quote-is-layout-flow\">\n<p>Os medidores de umidade de gr\u00e3os s\u00e3o ferramentas indispens\u00e1veis para agricultores durante a safra, bem como para cooperativas, tradings e armaz\u00e9ns que compram gr\u00e3os. \u201cEsses dispositivos possibilitam que os produtores determinem o teor de umidade dos gr\u00e3os, ajudando a prevenir perdas durante a colheita. A precis\u00e3o desses medidores \u00e9 fundamental para assegurar a qualidade e para contribuir com a efici\u00eancia econ\u00f4mica da produ\u00e7\u00e3o agr\u00edcola\u201d, destaca Fernanda.<\/p>\n<\/blockquote>\n\n\n\n<p>Segundo ela, o teor de umidade da semente \u00e9 um fator determinante para o sucesso do plantio e desenvolvimento subsequente da planta. Manter o teor de umidade entre 12% e 13% n\u00e3o s\u00f3 favorece uma germina\u00e7\u00e3o uniforme e vigorosa, mas tamb\u00e9m minimiza o risco de danos mec\u00e2nicos que podem comprometer a integridade do gr\u00e3o.<\/p>\n","protected":false},"excerpt":{"rendered":"<p>Agricultores paranaenses est\u00e3o de olho no calend\u00e1rio para iniciar o plantio da soja. Para isso, eles precisam obedecer ao per\u00edodo de vazio sanit\u00e1rio no estado, que come\u00e7ou em 2 de junho e se estende at\u00e9 o dia 31 de agosto. Ao contr\u00e1rio das safras anteriores, em que o vazio sanit\u00e1rio tinha uma data \u00fanica para [&hellip;]<\/p>\n","protected":false},"author":2,"featured_media":25900,"comment_status":"open","ping_status":"open","sticky":false,"template":"","format":"standard","meta":{"footnotes":""},"categories":[7],"tags":[172],"class_list":["post-25884","post","type-post","status-publish","format-standard","has-post-thumbnail","hentry","category-geral","tag-featured"],"amp_enabled":true,"_links":{"self":[{"href":"https:\/\/radiostudiow.com.br\/site\/wp-json\/wp\/v2\/posts\/25884","targetHints":{"allow":["GET"]}}],"collection":[{"href":"https:\/\/radiostudiow.com.br\/site\/wp-json\/wp\/v2\/posts"}],"about":[{"href":"https:\/\/radiostudiow.com.br\/site\/wp-json\/wp\/v2\/types\/post"}],"author":[{"embeddable":true,"href":"https:\/\/radiostudiow.com.br\/site\/wp-json\/wp\/v2\/users\/2"}],"replies":[{"embeddable":true,"href":"https:\/\/radiostudiow.com.br\/site\/wp-json\/wp\/v2\/comments?post=25884"}],"version-history":[{"count":8,"href":"https:\/\/radiostudiow.com.br\/site\/wp-json\/wp\/v2\/posts\/25884\/revisions"}],"predecessor-version":[{"id":25926,"href":"https:\/\/radiostudiow.com.br\/site\/wp-json\/wp\/v2\/posts\/25884\/revisions\/25926"}],"wp:featuredmedia":[{"embeddable":true,"href":"https:\/\/radiostudiow.com.br\/site\/wp-json\/wp\/v2\/media\/25900"}],"wp:attachment":[{"href":"https:\/\/radiostudiow.com.br\/site\/wp-json\/wp\/v2\/media?parent=25884"}],"wp:term":[{"taxonomy":"category","embeddable":true,"href":"https:\/\/radiostudiow.com.br\/site\/wp-json\/wp\/v2\/categories?post=25884"},{"taxonomy":"post_tag","embeddable":true,"href":"https:\/\/radiostudiow.com.br\/site\/wp-json\/wp\/v2\/tags?post=25884"}],"curies":[{"name":"wp","href":"https:\/\/api.w.org\/{rel}","templated":true}]}}