{"id":2589,"date":"2021-06-23T17:02:51","date_gmt":"2021-06-23T20:02:51","guid":{"rendered":"https:\/\/radiostudiow.com.br\/site\/?p=2589"},"modified":"2025-01-15T11:51:23","modified_gmt":"2025-01-15T14:51:23","slug":"homem-e-ameacado-de-morte-pelo-vizinho-em-cruz-machado","status":"publish","type":"post","link":"https:\/\/radiostudiow.com.br\/site\/2021\/06\/23\/homem-e-ameacado-de-morte-pelo-vizinho-em-cruz-machado\/","title":{"rendered":"HOMEM \u00c9 AMEA\u00c7ADO DE MORTE PELO VIZINHO EM CRUZ MACHADO"},"content":{"rendered":"\n<p>Um homem compareceu ao Pelot\u00e3o da Policia Militar de Cruz Machado por volta das 15:00 horas desta ter\u00e7a-feira (22).<\/p>\n\n\n\n<p>De acordo com o solicitante, ele est\u00e1 sendo amea\u00e7ado de morte por um vizinho e no dia 21 de junho, ouviu disparos de arma de fogo vindo da resid\u00eancia do autor.<\/p>\n\n\n\n<p>Diante dos fatos relatados a vitima foi orientada quanto ao procedimento cab\u00edvel.<\/p>\n\n\n\n<figure class=\"wp-block-image size-large\"><img decoding=\"async\" src=\"https:\/\/radiostudiow.com.br\/site\/wp-content\/uploads\/2021\/03\/SEPAC.jpg\" alt=\"\" class=\"wp-image-1213\"\/><\/figure>\n","protected":false},"excerpt":{"rendered":"<p>Um homem compareceu ao Pelot\u00e3o da Policia Militar de Cruz Machado por volta das 15:00 horas desta ter\u00e7a-feira (22). De acordo com o solicitante, ele est\u00e1 sendo amea\u00e7ado de morte por um vizinho e no dia 21 de junho, ouviu disparos de arma de fogo vindo da resid\u00eancia do autor. Diante dos fatos relatados a [&hellip;]<\/p>\n","protected":false},"author":2,"featured_media":0,"comment_status":"open","ping_status":"open","sticky":false,"template":"","format":"standard","meta":{"footnotes":""},"categories":[2],"tags":[172],"class_list":["post-2589","post","type-post","status-publish","format-standard","hentry","category-policial","tag-featured"],"amp_enabled":true,"_links":{"self":[{"href":"https:\/\/radiostudiow.com.br\/site\/wp-json\/wp\/v2\/posts\/2589","targetHints":{"allow":["GET"]}}],"collection":[{"href":"https:\/\/radiostudiow.com.br\/site\/wp-json\/wp\/v2\/posts"}],"about":[{"href":"https:\/\/radiostudiow.com.br\/site\/wp-json\/wp\/v2\/types\/post"}],"author":[{"embeddable":true,"href":"https:\/\/radiostudiow.com.br\/site\/wp-json\/wp\/v2\/users\/2"}],"replies":[{"embeddable":true,"href":"https:\/\/radiostudiow.com.br\/site\/wp-json\/wp\/v2\/comments?post=2589"}],"version-history":[{"count":2,"href":"https:\/\/radiostudiow.com.br\/site\/wp-json\/wp\/v2\/posts\/2589\/revisions"}],"predecessor-version":[{"id":2592,"href":"https:\/\/radiostudiow.com.br\/site\/wp-json\/wp\/v2\/posts\/2589\/revisions\/2592"}],"wp:attachment":[{"href":"https:\/\/radiostudiow.com.br\/site\/wp-json\/wp\/v2\/media?parent=2589"}],"wp:term":[{"taxonomy":"category","embeddable":true,"href":"https:\/\/radiostudiow.com.br\/site\/wp-json\/wp\/v2\/categories?post=2589"},{"taxonomy":"post_tag","embeddable":true,"href":"https:\/\/radiostudiow.com.br\/site\/wp-json\/wp\/v2\/tags?post=2589"}],"curies":[{"name":"wp","href":"https:\/\/api.w.org\/{rel}","templated":true}]}}