{"id":25913,"date":"2024-08-13T20:57:25","date_gmt":"2024-08-13T23:57:25","guid":{"rendered":"https:\/\/radiostudiow.com.br\/site\/?p=25913"},"modified":"2025-01-31T14:59:01","modified_gmt":"2025-01-31T17:59:01","slug":"caminhao-com-placas-de-paula-freitas-tem-saida-de-pista-na-br-153-e-motorista-morre","status":"publish","type":"post","link":"https:\/\/radiostudiow.com.br\/site\/2024\/08\/13\/caminhao-com-placas-de-paula-freitas-tem-saida-de-pista-na-br-153-e-motorista-morre\/","title":{"rendered":"Caminh\u00e3o com placas de Paula Freitas tem sa\u00edda de pista na BR-153 e motorista morre"},"content":{"rendered":"\n<p>Um senhor de aproximadamente 70 ano, perdeu a vida ap\u00f3s acidente na BR-153, no KM 501, trajeto entre General Carneiro e Palmas por volta das 9 horas desta ter\u00e7a-feira (13).<\/p>\n\n\n\n<p>Bombeiros Comunit\u00e1rios da Defesa Civil de General Carneiro receberam o chamado, sobre uma sa\u00edda de pista. De acordo com informa\u00e7\u00f5es da equipe, o caminh\u00e3o carregado com bolsas de carv\u00e3o desceu na ribanceira, possivelmente sem freios.<\/p>\n\n\n\n<figure class=\"wp-block-image size-full\"><img loading=\"lazy\" decoding=\"async\" width=\"897\" height=\"204\" src=\"https:\/\/radiostudiow.com.br\/site\/wp-content\/uploads\/2024\/04\/image-50.png\" alt=\"\" class=\"wp-image-21368\" srcset=\"https:\/\/radiostudiow.com.br\/site\/wp-content\/uploads\/2024\/04\/image-50.png 897w, https:\/\/radiostudiow.com.br\/site\/wp-content\/uploads\/2024\/04\/image-50-300x68.png 300w, https:\/\/radiostudiow.com.br\/site\/wp-content\/uploads\/2024\/04\/image-50-768x175.png 768w\" sizes=\"auto, (max-width: 897px) 100vw, 897px\" \/><\/figure>\n\n\n\n<p>O motorista do caminh\u00e3o VW Delivery de cor branca com placas de Paula Freitas, estava embaixo do caminh\u00e3o, sem vida.<\/p>\n\n\n\n<p>Al\u00e9m dos bombeiros de General Carneiro, o Samu, Pronto atendimento, Pol\u00edcia Rodovi\u00e1ria Federal e a Pol\u00edcia Cientifica atenderam a ocorr\u00eancia.<\/p>\n\n\n\n<p>O IML de Uni\u00e3o da Vit\u00f3ria foi acionado para recolher o corpo. A identidade da v\u00edtima ainda n\u00e3o foi divulgada.<\/p>\n\n\n\n<figure class=\"wp-block-video\"><video controls src=\"https:\/\/radiostudiow.com.br\/site\/wp-content\/uploads\/2024\/08\/Saida-de-pista-na-BR-153-causa-morte-de-motorista-720p-h264-youtube.mp4\"><\/video><\/figure>\n\n\n\n<figure class=\"wp-block-image size-large is-resized\"><img loading=\"lazy\" decoding=\"async\" width=\"721\" height=\"1024\" src=\"https:\/\/radiostudiow.com.br\/site\/wp-content\/uploads\/2024\/08\/444150998_922482073222023_2677921715643334492_n-721x1024.jpg\" alt=\"\" class=\"wp-image-25914\" style=\"width:651px;height:auto\" srcset=\"https:\/\/radiostudiow.com.br\/site\/wp-content\/uploads\/2024\/08\/444150998_922482073222023_2677921715643334492_n-721x1024.jpg 721w, https:\/\/radiostudiow.com.br\/site\/wp-content\/uploads\/2024\/08\/444150998_922482073222023_2677921715643334492_n-211x300.jpg 211w, https:\/\/radiostudiow.com.br\/site\/wp-content\/uploads\/2024\/08\/444150998_922482073222023_2677921715643334492_n-768x1090.jpg 768w, https:\/\/radiostudiow.com.br\/site\/wp-content\/uploads\/2024\/08\/444150998_922482073222023_2677921715643334492_n-1082x1536.jpg 1082w, https:\/\/radiostudiow.com.br\/site\/wp-content\/uploads\/2024\/08\/444150998_922482073222023_2677921715643334492_n.jpg 1127w\" sizes=\"auto, (max-width: 721px) 100vw, 721px\" \/><\/figure>\n","protected":false},"excerpt":{"rendered":"<p>Um senhor de aproximadamente 70 ano, perdeu a vida ap\u00f3s acidente na BR-153, no KM 501, trajeto entre General Carneiro e Palmas por volta das 9 horas desta ter\u00e7a-feira (13). Bombeiros Comunit\u00e1rios da Defesa Civil de General Carneiro receberam o chamado, sobre uma sa\u00edda de pista. De acordo com informa\u00e7\u00f5es da equipe, o caminh\u00e3o carregado [&hellip;]<\/p>\n","protected":false},"author":2,"featured_media":25916,"comment_status":"open","ping_status":"open","sticky":false,"template":"","format":"standard","meta":{"footnotes":""},"categories":[185],"tags":[172],"class_list":["post-25913","post","type-post","status-publish","format-standard","has-post-thumbnail","hentry","category-regional","tag-featured"],"amp_enabled":true,"_links":{"self":[{"href":"https:\/\/radiostudiow.com.br\/site\/wp-json\/wp\/v2\/posts\/25913","targetHints":{"allow":["GET"]}}],"collection":[{"href":"https:\/\/radiostudiow.com.br\/site\/wp-json\/wp\/v2\/posts"}],"about":[{"href":"https:\/\/radiostudiow.com.br\/site\/wp-json\/wp\/v2\/types\/post"}],"author":[{"embeddable":true,"href":"https:\/\/radiostudiow.com.br\/site\/wp-json\/wp\/v2\/users\/2"}],"replies":[{"embeddable":true,"href":"https:\/\/radiostudiow.com.br\/site\/wp-json\/wp\/v2\/comments?post=25913"}],"version-history":[{"count":2,"href":"https:\/\/radiostudiow.com.br\/site\/wp-json\/wp\/v2\/posts\/25913\/revisions"}],"predecessor-version":[{"id":25918,"href":"https:\/\/radiostudiow.com.br\/site\/wp-json\/wp\/v2\/posts\/25913\/revisions\/25918"}],"wp:featuredmedia":[{"embeddable":true,"href":"https:\/\/radiostudiow.com.br\/site\/wp-json\/wp\/v2\/media\/25916"}],"wp:attachment":[{"href":"https:\/\/radiostudiow.com.br\/site\/wp-json\/wp\/v2\/media?parent=25913"}],"wp:term":[{"taxonomy":"category","embeddable":true,"href":"https:\/\/radiostudiow.com.br\/site\/wp-json\/wp\/v2\/categories?post=25913"},{"taxonomy":"post_tag","embeddable":true,"href":"https:\/\/radiostudiow.com.br\/site\/wp-json\/wp\/v2\/tags?post=25913"}],"curies":[{"name":"wp","href":"https:\/\/api.w.org\/{rel}","templated":true}]}}