{"id":25937,"date":"2024-08-15T09:45:46","date_gmt":"2024-08-15T12:45:46","guid":{"rendered":"https:\/\/radiostudiow.com.br\/site\/?p=25937"},"modified":"2025-01-31T14:59:01","modified_gmt":"2025-01-31T17:59:01","slug":"veiculos-ficam-destruidos-apos-incendio-em-oficina-em-sao-mateus-do-sul","status":"publish","type":"post","link":"https:\/\/radiostudiow.com.br\/site\/2024\/08\/15\/veiculos-ficam-destruidos-apos-incendio-em-oficina-em-sao-mateus-do-sul\/","title":{"rendered":"Ve\u00edculos ficam destru\u00eddos ap\u00f3s inc\u00eandio em oficina em S\u00e3o Mateus do Sul"},"content":{"rendered":"\n<p>O Corpo de Bombeiros de S\u00e3o Mateus do Sul foi acionado na BR 476, pr\u00f3ximo ao km 279, para prestar atendimento a um inc\u00eandio em uma oficina mec\u00e2nica na noite de ter\u00e7a-feira (13).<\/p>\n\n\n\n<figure class=\"wp-block-image size-full\"><img loading=\"lazy\" decoding=\"async\" width=\"897\" height=\"204\" src=\"https:\/\/radiostudiow.com.br\/site\/wp-content\/uploads\/2024\/08\/TIJOLAO.png\" alt=\"\" class=\"wp-image-25951\" srcset=\"https:\/\/radiostudiow.com.br\/site\/wp-content\/uploads\/2024\/08\/TIJOLAO.png 897w, https:\/\/radiostudiow.com.br\/site\/wp-content\/uploads\/2024\/08\/TIJOLAO-300x68.png 300w, https:\/\/radiostudiow.com.br\/site\/wp-content\/uploads\/2024\/08\/TIJOLAO-768x175.png 768w\" sizes=\"auto, (max-width: 897px) 100vw, 897px\" \/><\/figure>\n\n\n\n<p>Ao todo, quatro militares atuaram no combate \u00e0s chamas. Segundo os Bombeiros, no local eles se depararam com uma situa\u00e7\u00e3o de inc\u00eandio na parte dos fundos onde funciona uma oficina de lataria. Houve a queima de dois ve\u00edculos tipo uma caminhonete n\u00e3o apurada a marca e um Corcel. Tamb\u00e9m houve a queima de materiais el\u00e9tricos de uso da oficina.<\/p>\n\n\n\n<figure class=\"wp-block-gallery has-nested-images columns-default is-cropped wp-block-gallery-1 is-layout-flex wp-block-gallery-is-layout-flex\">\n<figure class=\"wp-block-image size-large\"><img decoding=\"async\" data-id=\"25974\" src=\"https:\/\/radiostudiow.com.br\/site\/wp-content\/uploads\/2024\/08\/02-4-1024x577.jpeg\" alt=\"\" class=\"wp-image-25974\"\/><\/figure>\n\n\n\n<figure class=\"wp-block-image size-large\"><img loading=\"lazy\" decoding=\"async\" width=\"1024\" height=\"577\" data-id=\"25975\" src=\"https:\/\/radiostudiow.com.br\/site\/wp-content\/uploads\/2024\/08\/04-2-1024x577.jpeg\" alt=\"\" class=\"wp-image-25975\" srcset=\"https:\/\/radiostudiow.com.br\/site\/wp-content\/uploads\/2024\/08\/04-2-1024x577.jpeg 1024w, https:\/\/radiostudiow.com.br\/site\/wp-content\/uploads\/2024\/08\/04-2-300x169.jpeg 300w, https:\/\/radiostudiow.com.br\/site\/wp-content\/uploads\/2024\/08\/04-2-768x433.jpeg 768w, https:\/\/radiostudiow.com.br\/site\/wp-content\/uploads\/2024\/08\/04-2.jpeg 1068w\" sizes=\"auto, (max-width: 1024px) 100vw, 1024px\" \/><\/figure>\n\n\n\n<figure class=\"wp-block-image size-large\"><img loading=\"lazy\" decoding=\"async\" width=\"1024\" height=\"577\" data-id=\"25973\" src=\"https:\/\/radiostudiow.com.br\/site\/wp-content\/uploads\/2024\/08\/07-3-1024x577.jpeg\" alt=\"\" class=\"wp-image-25973\" srcset=\"https:\/\/radiostudiow.com.br\/site\/wp-content\/uploads\/2024\/08\/07-3-1024x577.jpeg 1024w, https:\/\/radiostudiow.com.br\/site\/wp-content\/uploads\/2024\/08\/07-3-300x169.jpeg 300w, https:\/\/radiostudiow.com.br\/site\/wp-content\/uploads\/2024\/08\/07-3-768x433.jpeg 768w, https:\/\/radiostudiow.com.br\/site\/wp-content\/uploads\/2024\/08\/07-3.jpeg 1068w\" sizes=\"auto, (max-width: 1024px) 100vw, 1024px\" \/><\/figure>\n<\/figure>\n\n\n\n<p>\u201cO propriet\u00e1rio nos informou que tinha solvente e tinta n\u00e3o especificada em quantidade e um tanque de combust\u00edvel com aproximados 20 litros de diesel sendo esse tanque da caminhonete a qual queimou\u201d, informou os Bombeiros.<\/p>\n\n\n\n<p>Apesar do susto, ningu\u00e9m ficou ferido.<\/p>\n\n\n\n<figure class=\"wp-block-gallery has-nested-images columns-default is-cropped wp-block-gallery-2 is-layout-flex wp-block-gallery-is-layout-flex\">\n<figure class=\"wp-block-image size-large\"><img decoding=\"async\" data-id=\"25976\" src=\"https:\/\/radiostudiow.com.br\/site\/wp-content\/uploads\/2024\/08\/05-2-578x1024.jpeg\" alt=\"\" class=\"wp-image-25976\"\/><\/figure>\n\n\n\n<figure class=\"wp-block-image size-large\"><img loading=\"lazy\" decoding=\"async\" width=\"578\" height=\"1024\" data-id=\"25977\" src=\"https:\/\/radiostudiow.com.br\/site\/wp-content\/uploads\/2024\/08\/06-578x1024.jpeg\" alt=\"\" class=\"wp-image-25977\" srcset=\"https:\/\/radiostudiow.com.br\/site\/wp-content\/uploads\/2024\/08\/06-578x1024.jpeg 578w, https:\/\/radiostudiow.com.br\/site\/wp-content\/uploads\/2024\/08\/06-169x300.jpeg 169w, https:\/\/radiostudiow.com.br\/site\/wp-content\/uploads\/2024\/08\/06.jpeg 696w\" sizes=\"auto, (max-width: 578px) 100vw, 578px\" \/><\/figure>\n\n\n\n<figure class=\"wp-block-image size-large\"><img loading=\"lazy\" decoding=\"async\" width=\"578\" height=\"1024\" data-id=\"25980\" src=\"https:\/\/radiostudiow.com.br\/site\/wp-content\/uploads\/2024\/08\/09-1-578x1024.jpeg\" alt=\"\" class=\"wp-image-25980\" srcset=\"https:\/\/radiostudiow.com.br\/site\/wp-content\/uploads\/2024\/08\/09-1-578x1024.jpeg 578w, https:\/\/radiostudiow.com.br\/site\/wp-content\/uploads\/2024\/08\/09-1-169x300.jpeg 169w, https:\/\/radiostudiow.com.br\/site\/wp-content\/uploads\/2024\/08\/09-1.jpeg 696w\" sizes=\"auto, (max-width: 578px) 100vw, 578px\" \/><\/figure>\n<\/figure>\n","protected":false},"excerpt":{"rendered":"<p>O Corpo de Bombeiros de S\u00e3o Mateus do Sul foi acionado na BR 476, pr\u00f3ximo ao km 279, para prestar atendimento a um inc\u00eandio em uma oficina mec\u00e2nica na noite de ter\u00e7a-feira (13). Ao todo, quatro militares atuaram no combate \u00e0s chamas. Segundo os Bombeiros, no local eles se depararam com uma situa\u00e7\u00e3o de inc\u00eandio [&hellip;]<\/p>\n","protected":false},"author":2,"featured_media":25979,"comment_status":"open","ping_status":"open","sticky":false,"template":"","format":"standard","meta":{"footnotes":""},"categories":[185],"tags":[172],"class_list":["post-25937","post","type-post","status-publish","format-standard","has-post-thumbnail","hentry","category-regional","tag-featured"],"amp_enabled":true,"_links":{"self":[{"href":"https:\/\/radiostudiow.com.br\/site\/wp-json\/wp\/v2\/posts\/25937","targetHints":{"allow":["GET"]}}],"collection":[{"href":"https:\/\/radiostudiow.com.br\/site\/wp-json\/wp\/v2\/posts"}],"about":[{"href":"https:\/\/radiostudiow.com.br\/site\/wp-json\/wp\/v2\/types\/post"}],"author":[{"embeddable":true,"href":"https:\/\/radiostudiow.com.br\/site\/wp-json\/wp\/v2\/users\/2"}],"replies":[{"embeddable":true,"href":"https:\/\/radiostudiow.com.br\/site\/wp-json\/wp\/v2\/comments?post=25937"}],"version-history":[{"count":2,"href":"https:\/\/radiostudiow.com.br\/site\/wp-json\/wp\/v2\/posts\/25937\/revisions"}],"predecessor-version":[{"id":25981,"href":"https:\/\/radiostudiow.com.br\/site\/wp-json\/wp\/v2\/posts\/25937\/revisions\/25981"}],"wp:featuredmedia":[{"embeddable":true,"href":"https:\/\/radiostudiow.com.br\/site\/wp-json\/wp\/v2\/media\/25979"}],"wp:attachment":[{"href":"https:\/\/radiostudiow.com.br\/site\/wp-json\/wp\/v2\/media?parent=25937"}],"wp:term":[{"taxonomy":"category","embeddable":true,"href":"https:\/\/radiostudiow.com.br\/site\/wp-json\/wp\/v2\/categories?post=25937"},{"taxonomy":"post_tag","embeddable":true,"href":"https:\/\/radiostudiow.com.br\/site\/wp-json\/wp\/v2\/tags?post=25937"}],"curies":[{"name":"wp","href":"https:\/\/api.w.org\/{rel}","templated":true}]}}