{"id":25947,"date":"2024-08-14T16:53:59","date_gmt":"2024-08-14T19:53:59","guid":{"rendered":"https:\/\/radiostudiow.com.br\/site\/?p=25947"},"modified":"2025-01-31T14:59:01","modified_gmt":"2025-01-31T17:59:01","slug":"motorista-que-morreu-na-br-153-ja-foi-identificado","status":"publish","type":"post","link":"https:\/\/radiostudiow.com.br\/site\/2024\/08\/14\/motorista-que-morreu-na-br-153-ja-foi-identificado\/","title":{"rendered":"Motorista que morreu na BR-153 j\u00e1 foi identificado"},"content":{"rendered":"\n<p>Foi confirmada a identifica\u00e7\u00e3o do motorista que morreu em decorr\u00eancia de um acidente na rodovia BR-153 , entre a regi\u00e3o de General Carneiro e Palmas por volta das 09 horas dessa ter\u00e7a-feira (13).<\/p>\n\n\n\n<p>A v\u00edtima foi identificada como&nbsp;Pedro Alves de Melo, de 63 anos. As quipes foram at\u00e9 o local, mas o motorista foi localizado j\u00e1 sem vida embaixo do caminh\u00e3o.<\/p>\n\n\n\n<figure class=\"wp-block-image size-full\"><img loading=\"lazy\" decoding=\"async\" width=\"897\" height=\"204\" src=\"https:\/\/radiostudiow.com.br\/site\/wp-content\/uploads\/2024\/08\/TIJOLAO.png\" alt=\"\" class=\"wp-image-25951\" srcset=\"https:\/\/radiostudiow.com.br\/site\/wp-content\/uploads\/2024\/08\/TIJOLAO.png 897w, https:\/\/radiostudiow.com.br\/site\/wp-content\/uploads\/2024\/08\/TIJOLAO-300x68.png 300w, https:\/\/radiostudiow.com.br\/site\/wp-content\/uploads\/2024\/08\/TIJOLAO-768x175.png 768w\" sizes=\"auto, (max-width: 897px) 100vw, 897px\" \/><\/figure>\n\n\n\n<p>Ele conduzia um caminh\u00e3o VW\/Delivery, de cor branca e com placas de Paula Freitas, carregado com bolsas de carv\u00e3o, quando perdeu o controle e caiu em uma ribanceira.<\/p>\n\n\n\n<p>Al\u00e9m dos bombeiros de General Carneiro, o Samu, Pronto atendimento, Pol\u00edcia Rodovi\u00e1ria Federal e a Pol\u00edcia Cientifica atenderam a ocorr\u00eancia.<\/p>\n\n\n\n<p>O IML de Uni\u00e3o da Vit\u00f3ria foi acionado para recolher o corpo. A identidade da v\u00edtima ainda n\u00e3o foi divulgada.<\/p>\n\n\n\n<figure class=\"wp-block-embed is-type-wp-embed is-provider-studio-w wp-block-embed-studio-w\"><div class=\"wp-block-embed__wrapper\">\n<blockquote class=\"wp-embedded-content\" data-secret=\"HMVYRCxP4L\"><a href=\"https:\/\/radiostudiow.com.br\/site\/2024\/08\/13\/caminhao-com-placas-de-paula-freitas-tem-saida-de-pista-na-br-153-e-motorista-morre\/\">Caminh\u00e3o com placas de Paula Freitas tem sa\u00edda de pista na BR-153 e motorista morre<\/a><\/blockquote><iframe loading=\"lazy\" class=\"wp-embedded-content\" sandbox=\"allow-scripts\" security=\"restricted\" style=\"position: absolute; visibility: hidden;\" title=\"&#8220;Caminh\u00e3o com placas de Paula Freitas tem sa\u00edda de pista na BR-153 e motorista morre&#8221; &#8212; Studio W\" src=\"https:\/\/radiostudiow.com.br\/site\/2024\/08\/13\/caminhao-com-placas-de-paula-freitas-tem-saida-de-pista-na-br-153-e-motorista-morre\/embed\/#?secret=3zfwH4xUaQ#?secret=HMVYRCxP4L\" data-secret=\"HMVYRCxP4L\" width=\"600\" height=\"338\" frameborder=\"0\" marginwidth=\"0\" marginheight=\"0\" scrolling=\"no\"><\/iframe>\n<\/div><\/figure>\n","protected":false},"excerpt":{"rendered":"<p>Foi confirmada a identifica\u00e7\u00e3o do motorista que morreu em decorr\u00eancia de um acidente na rodovia BR-153 , entre a regi\u00e3o de General Carneiro e Palmas por volta das 09 horas dessa ter\u00e7a-feira (13). A v\u00edtima foi identificada como&nbsp;Pedro Alves de Melo, de 63 anos. As quipes foram at\u00e9 o local, mas o motorista foi localizado [&hellip;]<\/p>\n","protected":false},"author":2,"featured_media":25916,"comment_status":"open","ping_status":"open","sticky":false,"template":"","format":"standard","meta":{"footnotes":""},"categories":[185],"tags":[172],"class_list":["post-25947","post","type-post","status-publish","format-standard","has-post-thumbnail","hentry","category-regional","tag-featured"],"amp_enabled":true,"_links":{"self":[{"href":"https:\/\/radiostudiow.com.br\/site\/wp-json\/wp\/v2\/posts\/25947","targetHints":{"allow":["GET"]}}],"collection":[{"href":"https:\/\/radiostudiow.com.br\/site\/wp-json\/wp\/v2\/posts"}],"about":[{"href":"https:\/\/radiostudiow.com.br\/site\/wp-json\/wp\/v2\/types\/post"}],"author":[{"embeddable":true,"href":"https:\/\/radiostudiow.com.br\/site\/wp-json\/wp\/v2\/users\/2"}],"replies":[{"embeddable":true,"href":"https:\/\/radiostudiow.com.br\/site\/wp-json\/wp\/v2\/comments?post=25947"}],"version-history":[{"count":2,"href":"https:\/\/radiostudiow.com.br\/site\/wp-json\/wp\/v2\/posts\/25947\/revisions"}],"predecessor-version":[{"id":25952,"href":"https:\/\/radiostudiow.com.br\/site\/wp-json\/wp\/v2\/posts\/25947\/revisions\/25952"}],"wp:featuredmedia":[{"embeddable":true,"href":"https:\/\/radiostudiow.com.br\/site\/wp-json\/wp\/v2\/media\/25916"}],"wp:attachment":[{"href":"https:\/\/radiostudiow.com.br\/site\/wp-json\/wp\/v2\/media?parent=25947"}],"wp:term":[{"taxonomy":"category","embeddable":true,"href":"https:\/\/radiostudiow.com.br\/site\/wp-json\/wp\/v2\/categories?post=25947"},{"taxonomy":"post_tag","embeddable":true,"href":"https:\/\/radiostudiow.com.br\/site\/wp-json\/wp\/v2\/tags?post=25947"}],"curies":[{"name":"wp","href":"https:\/\/api.w.org\/{rel}","templated":true}]}}