{"id":25962,"date":"2024-08-15T00:19:45","date_gmt":"2024-08-15T03:19:45","guid":{"rendered":"https:\/\/radiostudiow.com.br\/site\/?p=25962"},"modified":"2025-01-31T14:59:01","modified_gmt":"2025-01-31T17:59:01","slug":"jovem-de-25-anos-perde-a-vida-em-tragico-acidente-na-divisa-entre-mallet-e-paulo-frontin","status":"publish","type":"post","link":"https:\/\/radiostudiow.com.br\/site\/2024\/08\/15\/jovem-de-25-anos-perde-a-vida-em-tragico-acidente-na-divisa-entre-mallet-e-paulo-frontin\/","title":{"rendered":"Jovem de 25 anos perde a vida em tr\u00e1gico acidente na divisa entre Mallet e Paulo Frontin"},"content":{"rendered":"\n<p><\/p>\n\n\n\n<figure class=\"wp-block-image size-full\"><img decoding=\"async\" src=\"https:\/\/radiostudiow.com.br\/site\/wp-content\/uploads\/2024\/01\/SITE-GRANDE.png\" alt=\"\" class=\"wp-image-18949\"\/><\/figure>\n\n\n\n<p><\/p>\n\n\n\n<p>Na noite desta quarta-feira (14), um grave acidente na rodovia BR-153 tirou a vida de Andrey Nikolas Braciak, de 25 anos.<\/p>\n\n\n\n<p>De acordo com os Bombeiros Comunit\u00e1rios de Mallet, o acidente ocorreu por volta das 19h, pr\u00f3ximo ao km 403, na divisa entre os munic\u00edpios de Mallet e Paulo Frontin.<\/p>\n\n\n\n<p>Segundo informa\u00e7\u00f5es apuradas pela reportagem da Studio W TV, um autom\u00f3vel Fiat Uno, com placas de Paulo Frontin, seguia em dire\u00e7\u00e3o a Paulo Frontin quando, ao realizar uma curva \u00e0 direita, colidiu lateralmente com uma carreta Mercedes-Benz que transitava no sentido contr\u00e1rio. O impacto foi violento e o carro acabou saindo da pista.<\/p>\n\n\n\n<p>Os brigadistas comunit\u00e1rios de Mallet e Paulo Frontin foram rapidamente acionados, mas, infelizmente, nada p\u00f4de ser feito para salvar o motorista do autom\u00f3vel.<\/p>\n\n\n\n<p><\/p>\n\n\n\n<figure class=\"wp-block-image size-full\"><img decoding=\"async\" src=\"https:\/\/radiostudiow.com.br\/site\/wp-content\/uploads\/2024\/04\/SITE-MEDIO.png\" alt=\"\" class=\"wp-image-21854\"\/><\/figure>\n\n\n\n<p><\/p>\n\n\n\n<p>Andrey Nikolas Braciak morreu no local. O Instituto M\u00e9dico Legal (IML) de Uni\u00e3o da Vit\u00f3ria foi respons\u00e1vel por recolher o corpo do jovem.<\/p>\n\n\n\n<p>O motorista da carreta, apesar do choque emocional, n\u00e3o sofreu ferimentos e recusou atendimento m\u00e9dico.<\/p>\n\n\n\n<p>O 2\u00ba Sargento Joaquim Pacholok, do Corpo de Bombeiros, coordenou os trabalhos no local e relatou \u00e0 nossa equipe detalhes sobre o resgate e as medidas adotadas para controlar a situa\u00e7\u00e3o.<\/p>\n\n\n\n<p>Andrey era filho de Alcemir Irineu e Audia Tabaka Braciak.<\/p>\n\n\n\n<p>O acidente trouxe grande como\u00e7\u00e3o, e a dor pela perda prematura do jovem foi sentida por todos que o conheciam.<\/p>\n\n\n\n<p>Mais informa\u00e7\u00f5es sobre o acidente ser\u00e3o exibidas na pr\u00f3xima edi\u00e7\u00e3o do Jornal W Not\u00edcias, nesta quinta-feira, \u00e0s 20h, na Studio W TV.<\/p>\n\n\n\n<p><\/p>\n\n\n\n<figure class=\"wp-block-image size-full\"><img decoding=\"async\" src=\"https:\/\/radiostudiow.com.br\/site\/wp-content\/uploads\/2024\/03\/bannertijolao.jpg\" alt=\"\" class=\"wp-image-20494\"\/><\/figure>\n\n\n\n<p><\/p>\n\n\n\n<figure class=\"wp-block-gallery has-nested-images columns-1 wp-block-gallery-1 is-layout-flex wp-block-gallery-is-layout-flex\">\n<figure class=\"wp-block-image size-large\"><img loading=\"lazy\" decoding=\"async\" width=\"1024\" height=\"576\" data-id=\"25965\" src=\"https:\/\/radiostudiow.com.br\/site\/wp-content\/uploads\/2024\/08\/02-1-1024x576.jpg\" alt=\"\" class=\"wp-image-25965\" srcset=\"https:\/\/radiostudiow.com.br\/site\/wp-content\/uploads\/2024\/08\/02-1-1024x576.jpg 1024w, https:\/\/radiostudiow.com.br\/site\/wp-content\/uploads\/2024\/08\/02-1-300x169.jpg 300w, https:\/\/radiostudiow.com.br\/site\/wp-content\/uploads\/2024\/08\/02-1-768x432.jpg 768w, https:\/\/radiostudiow.com.br\/site\/wp-content\/uploads\/2024\/08\/02-1-1536x864.jpg 1536w, https:\/\/radiostudiow.com.br\/site\/wp-content\/uploads\/2024\/08\/02-1-2048x1152.jpg 2048w\" sizes=\"auto, (max-width: 1024px) 100vw, 1024px\" \/><\/figure>\n\n\n\n<figure class=\"wp-block-image size-large\"><img loading=\"lazy\" decoding=\"async\" width=\"1024\" height=\"576\" data-id=\"25968\" src=\"https:\/\/radiostudiow.com.br\/site\/wp-content\/uploads\/2024\/08\/03-3-1024x576.jpg\" alt=\"\" class=\"wp-image-25968\" srcset=\"https:\/\/radiostudiow.com.br\/site\/wp-content\/uploads\/2024\/08\/03-3-1024x576.jpg 1024w, https:\/\/radiostudiow.com.br\/site\/wp-content\/uploads\/2024\/08\/03-3-300x169.jpg 300w, https:\/\/radiostudiow.com.br\/site\/wp-content\/uploads\/2024\/08\/03-3-768x432.jpg 768w, https:\/\/radiostudiow.com.br\/site\/wp-content\/uploads\/2024\/08\/03-3-1536x864.jpg 1536w, https:\/\/radiostudiow.com.br\/site\/wp-content\/uploads\/2024\/08\/03-3-2048x1152.jpg 2048w\" sizes=\"auto, (max-width: 1024px) 100vw, 1024px\" \/><\/figure>\n\n\n\n<figure class=\"wp-block-image size-large\"><img loading=\"lazy\" decoding=\"async\" width=\"1024\" height=\"576\" data-id=\"25967\" src=\"https:\/\/radiostudiow.com.br\/site\/wp-content\/uploads\/2024\/08\/04-1024x576.jpg\" alt=\"\" class=\"wp-image-25967\" srcset=\"https:\/\/radiostudiow.com.br\/site\/wp-content\/uploads\/2024\/08\/04-1024x576.jpg 1024w, https:\/\/radiostudiow.com.br\/site\/wp-content\/uploads\/2024\/08\/04-300x169.jpg 300w, https:\/\/radiostudiow.com.br\/site\/wp-content\/uploads\/2024\/08\/04-768x432.jpg 768w, https:\/\/radiostudiow.com.br\/site\/wp-content\/uploads\/2024\/08\/04-1536x864.jpg 1536w, https:\/\/radiostudiow.com.br\/site\/wp-content\/uploads\/2024\/08\/04-2048x1152.jpg 2048w\" sizes=\"auto, (max-width: 1024px) 100vw, 1024px\" \/><\/figure>\n\n\n\n<figure class=\"wp-block-image size-large\"><img loading=\"lazy\" decoding=\"async\" width=\"1024\" height=\"576\" data-id=\"25966\" src=\"https:\/\/radiostudiow.com.br\/site\/wp-content\/uploads\/2024\/08\/05-1-1024x576.jpg\" alt=\"\" class=\"wp-image-25966\" srcset=\"https:\/\/radiostudiow.com.br\/site\/wp-content\/uploads\/2024\/08\/05-1-1024x576.jpg 1024w, https:\/\/radiostudiow.com.br\/site\/wp-content\/uploads\/2024\/08\/05-1-300x169.jpg 300w, https:\/\/radiostudiow.com.br\/site\/wp-content\/uploads\/2024\/08\/05-1-768x432.jpg 768w, https:\/\/radiostudiow.com.br\/site\/wp-content\/uploads\/2024\/08\/05-1-1536x864.jpg 1536w, https:\/\/radiostudiow.com.br\/site\/wp-content\/uploads\/2024\/08\/05-1-2048x1152.jpg 2048w\" sizes=\"auto, (max-width: 1024px) 100vw, 1024px\" \/><\/figure>\n\n\n\n<figure class=\"wp-block-image size-large\"><img loading=\"lazy\" decoding=\"async\" width=\"1024\" height=\"576\" data-id=\"25964\" src=\"https:\/\/radiostudiow.com.br\/site\/wp-content\/uploads\/2024\/08\/09-1024x576.jpg\" alt=\"\" class=\"wp-image-25964\" srcset=\"https:\/\/radiostudiow.com.br\/site\/wp-content\/uploads\/2024\/08\/09-1024x576.jpg 1024w, https:\/\/radiostudiow.com.br\/site\/wp-content\/uploads\/2024\/08\/09-300x169.jpg 300w, https:\/\/radiostudiow.com.br\/site\/wp-content\/uploads\/2024\/08\/09-768x432.jpg 768w, https:\/\/radiostudiow.com.br\/site\/wp-content\/uploads\/2024\/08\/09-1536x864.jpg 1536w, https:\/\/radiostudiow.com.br\/site\/wp-content\/uploads\/2024\/08\/09-2048x1152.jpg 2048w\" sizes=\"auto, (max-width: 1024px) 100vw, 1024px\" \/><\/figure>\n<\/figure>\n\n\n\n<p><\/p>\n\n\n\n<figure class=\"wp-block-image size-full\"><img decoding=\"async\" src=\"https:\/\/radiostudiow.com.br\/site\/wp-content\/uploads\/2024\/01\/SITE-GRANDE2.png\" alt=\"\" class=\"wp-image-18938\"\/><\/figure>\n","protected":false},"excerpt":{"rendered":"<p>Na noite desta quarta-feira (14), um grave acidente na rodovia BR-153 tirou a vida de Andrey Nikolas Braciak, de 25 anos. De acordo com os Bombeiros Comunit\u00e1rios de Mallet, o acidente ocorreu por volta das 19h, pr\u00f3ximo ao km 403, na divisa entre os munic\u00edpios de Mallet e Paulo Frontin. Segundo informa\u00e7\u00f5es apuradas pela reportagem [&hellip;]<\/p>\n","protected":false},"author":2,"featured_media":25969,"comment_status":"open","ping_status":"open","sticky":false,"template":"","format":"standard","meta":{"footnotes":""},"categories":[184],"tags":[172],"class_list":["post-25962","post","type-post","status-publish","format-standard","has-post-thumbnail","hentry","category-local","tag-featured"],"amp_enabled":true,"_links":{"self":[{"href":"https:\/\/radiostudiow.com.br\/site\/wp-json\/wp\/v2\/posts\/25962","targetHints":{"allow":["GET"]}}],"collection":[{"href":"https:\/\/radiostudiow.com.br\/site\/wp-json\/wp\/v2\/posts"}],"about":[{"href":"https:\/\/radiostudiow.com.br\/site\/wp-json\/wp\/v2\/types\/post"}],"author":[{"embeddable":true,"href":"https:\/\/radiostudiow.com.br\/site\/wp-json\/wp\/v2\/users\/2"}],"replies":[{"embeddable":true,"href":"https:\/\/radiostudiow.com.br\/site\/wp-json\/wp\/v2\/comments?post=25962"}],"version-history":[{"count":1,"href":"https:\/\/radiostudiow.com.br\/site\/wp-json\/wp\/v2\/posts\/25962\/revisions"}],"predecessor-version":[{"id":25970,"href":"https:\/\/radiostudiow.com.br\/site\/wp-json\/wp\/v2\/posts\/25962\/revisions\/25970"}],"wp:featuredmedia":[{"embeddable":true,"href":"https:\/\/radiostudiow.com.br\/site\/wp-json\/wp\/v2\/media\/25969"}],"wp:attachment":[{"href":"https:\/\/radiostudiow.com.br\/site\/wp-json\/wp\/v2\/media?parent=25962"}],"wp:term":[{"taxonomy":"category","embeddable":true,"href":"https:\/\/radiostudiow.com.br\/site\/wp-json\/wp\/v2\/categories?post=25962"},{"taxonomy":"post_tag","embeddable":true,"href":"https:\/\/radiostudiow.com.br\/site\/wp-json\/wp\/v2\/tags?post=25962"}],"curies":[{"name":"wp","href":"https:\/\/api.w.org\/{rel}","templated":true}]}}