{"id":25982,"date":"2024-08-15T09:50:10","date_gmt":"2024-08-15T12:50:10","guid":{"rendered":"https:\/\/radiostudiow.com.br\/site\/?p=25982"},"modified":"2025-01-31T14:59:01","modified_gmt":"2025-01-31T17:59:01","slug":"morador-de-irati-teve-a-moto-roubada-apos-anuncia-la-a-venda-nas-redes-sociais","status":"publish","type":"post","link":"https:\/\/radiostudiow.com.br\/site\/2024\/08\/15\/morador-de-irati-teve-a-moto-roubada-apos-anuncia-la-a-venda-nas-redes-sociais\/","title":{"rendered":"Morador de Irati teve a moto roubada ap\u00f3s anunci\u00e1-la \u00e0 venda nas redes sociais"},"content":{"rendered":"\n<p>O vendedor marcou um encontro com o suposto comprador para mostrar a moto pr\u00f3ximo ao gin\u00e1sio de esportes do munic\u00edpio de Irati nessa ter\u00e7a-feira (13).<\/p>\n\n\n\n<figure class=\"wp-block-image size-large\"><img loading=\"lazy\" decoding=\"async\" width=\"1024\" height=\"390\" src=\"https:\/\/radiostudiow.com.br\/site\/wp-content\/uploads\/2024\/06\/449383450_900410565459867_7398886830294326458_n-1024x390.png\" alt=\"\" class=\"wp-image-24042\" srcset=\"https:\/\/radiostudiow.com.br\/site\/wp-content\/uploads\/2024\/06\/449383450_900410565459867_7398886830294326458_n-1024x390.png 1024w, https:\/\/radiostudiow.com.br\/site\/wp-content\/uploads\/2024\/06\/449383450_900410565459867_7398886830294326458_n-300x114.png 300w, https:\/\/radiostudiow.com.br\/site\/wp-content\/uploads\/2024\/06\/449383450_900410565459867_7398886830294326458_n-768x292.png 768w, https:\/\/radiostudiow.com.br\/site\/wp-content\/uploads\/2024\/06\/449383450_900410565459867_7398886830294326458_n-1536x584.png 1536w, https:\/\/radiostudiow.com.br\/site\/wp-content\/uploads\/2024\/06\/449383450_900410565459867_7398886830294326458_n-2048x779.png 2048w\" sizes=\"auto, (max-width: 1024px) 100vw, 1024px\" \/><\/figure>\n\n\n\n<p>O autor que havia demonstrado interesse na moto amea\u00e7ou e pegou o ve\u00edculo do propriet\u00e1rio. Ele deixou o local e n\u00e3o foi encontrado pela Pol\u00edcia Militar.<\/p>\n\n\n\n<p>Logo em seguida o dono da moto procurou o Pelot\u00e3o da Pol\u00edcia Militar para registrar o boletim de ocorr\u00eancia. A v\u00edtima foi orientada quanto aos procedimentos cab\u00edveis.<\/p>\n","protected":false},"excerpt":{"rendered":"<p>O vendedor marcou um encontro com o suposto comprador para mostrar a moto pr\u00f3ximo ao gin\u00e1sio de esportes do munic\u00edpio de Irati nessa ter\u00e7a-feira (13). O autor que havia demonstrado interesse na moto amea\u00e7ou e pegou o ve\u00edculo do propriet\u00e1rio. Ele deixou o local e n\u00e3o foi encontrado pela Pol\u00edcia Militar. Logo em seguida o [&hellip;]<\/p>\n","protected":false},"author":2,"featured_media":22163,"comment_status":"open","ping_status":"open","sticky":false,"template":"","format":"standard","meta":{"footnotes":""},"categories":[2],"tags":[172],"class_list":["post-25982","post","type-post","status-publish","format-standard","has-post-thumbnail","hentry","category-policial","tag-featured"],"amp_enabled":true,"_links":{"self":[{"href":"https:\/\/radiostudiow.com.br\/site\/wp-json\/wp\/v2\/posts\/25982","targetHints":{"allow":["GET"]}}],"collection":[{"href":"https:\/\/radiostudiow.com.br\/site\/wp-json\/wp\/v2\/posts"}],"about":[{"href":"https:\/\/radiostudiow.com.br\/site\/wp-json\/wp\/v2\/types\/post"}],"author":[{"embeddable":true,"href":"https:\/\/radiostudiow.com.br\/site\/wp-json\/wp\/v2\/users\/2"}],"replies":[{"embeddable":true,"href":"https:\/\/radiostudiow.com.br\/site\/wp-json\/wp\/v2\/comments?post=25982"}],"version-history":[{"count":1,"href":"https:\/\/radiostudiow.com.br\/site\/wp-json\/wp\/v2\/posts\/25982\/revisions"}],"predecessor-version":[{"id":25983,"href":"https:\/\/radiostudiow.com.br\/site\/wp-json\/wp\/v2\/posts\/25982\/revisions\/25983"}],"wp:featuredmedia":[{"embeddable":true,"href":"https:\/\/radiostudiow.com.br\/site\/wp-json\/wp\/v2\/media\/22163"}],"wp:attachment":[{"href":"https:\/\/radiostudiow.com.br\/site\/wp-json\/wp\/v2\/media?parent=25982"}],"wp:term":[{"taxonomy":"category","embeddable":true,"href":"https:\/\/radiostudiow.com.br\/site\/wp-json\/wp\/v2\/categories?post=25982"},{"taxonomy":"post_tag","embeddable":true,"href":"https:\/\/radiostudiow.com.br\/site\/wp-json\/wp\/v2\/tags?post=25982"}],"curies":[{"name":"wp","href":"https:\/\/api.w.org\/{rel}","templated":true}]}}