{"id":2599,"date":"2021-06-24T11:27:47","date_gmt":"2021-06-24T14:27:47","guid":{"rendered":"https:\/\/radiostudiow.com.br\/site\/?p=2599"},"modified":"2025-01-15T11:51:13","modified_gmt":"2025-01-15T14:51:13","slug":"guardas-municipais-de-irati-apreendeu-o-veiculo-utilizado-em-um-roubo","status":"publish","type":"post","link":"https:\/\/radiostudiow.com.br\/site\/2021\/06\/24\/guardas-municipais-de-irati-apreendeu-o-veiculo-utilizado-em-um-roubo\/","title":{"rendered":"GUARDAS MUNICIPAIS DE IRATI APREENDEU O VE\u00cdCULO UTILIZADO EM UM ROUBO"},"content":{"rendered":"\n<p>Na tarde desta quarta-feira (23) Por volta das 13:30, o solicitante informou que havia visto um ve\u00edculo abandonado em meio a uma mata , na Rua Amentista, bairro Pedreira, deslocado at\u00e9 o local, onde foi constatado que se tratava de um ve\u00edculo GM Classic.<\/p>\n\n\n\n<p>feito consulta via sistema e constatado que n\u00e3o havia nem uma alerta de furto\/roubo, ao chegar outra equipe da Guarda Municipal no local,os agentes informaram que teriam atendido uma situa\u00e7\u00e3o de roubo na parte da manh\u00e3, onde as placas e caracter\u00edsticas do ve\u00edculo, condiziam com o utilizado no crime.<\/p>\n\n\n\n<p>Feito buscas na mata pr\u00f3xima encontrado uma jaqueta na cor preta e uma faca, tais objetos tamb\u00e9m batiam com as caracter\u00edsticas repassadas. Diante da situa\u00e7\u00e3o, foi solicitado apoio do Guincho da Policia Militar, para que o ve\u00edculo pudesse ser encaminhado at\u00e9 a Delegacia, alem do ve\u00edculo ter sido usado para o cometimento de crime, ainda est\u00e1 com mais de 8 mil reais em debitos.<\/p>\n\n\n\n<p>Informa\u00e7\u00e3o GM de Irati Imagem Divulga\u00e7\u00e3o\/GM de Irati<\/p>\n\n\n\n<figure class=\"wp-block-image size-large\"><img decoding=\"async\" src=\"https:\/\/radiostudiow.com.br\/site\/wp-content\/uploads\/2021\/02\/AFUBRE-IRATI.jpg\" alt=\"\" class=\"wp-image-687\"\/><\/figure>\n","protected":false},"excerpt":{"rendered":"<p>Na tarde desta quarta-feira (23) Por volta das 13:30, o solicitante informou que havia visto um ve\u00edculo abandonado em meio a uma mata , na Rua Amentista, bairro Pedreira, deslocado at\u00e9 o local, onde foi constatado que se tratava de um ve\u00edculo GM Classic. feito consulta via sistema e constatado que n\u00e3o havia nem uma [&hellip;]<\/p>\n","protected":false},"author":2,"featured_media":0,"comment_status":"open","ping_status":"open","sticky":false,"template":"","format":"standard","meta":{"footnotes":""},"categories":[2],"tags":[172],"class_list":["post-2599","post","type-post","status-publish","format-standard","hentry","category-policial","tag-featured"],"amp_enabled":true,"_links":{"self":[{"href":"https:\/\/radiostudiow.com.br\/site\/wp-json\/wp\/v2\/posts\/2599","targetHints":{"allow":["GET"]}}],"collection":[{"href":"https:\/\/radiostudiow.com.br\/site\/wp-json\/wp\/v2\/posts"}],"about":[{"href":"https:\/\/radiostudiow.com.br\/site\/wp-json\/wp\/v2\/types\/post"}],"author":[{"embeddable":true,"href":"https:\/\/radiostudiow.com.br\/site\/wp-json\/wp\/v2\/users\/2"}],"replies":[{"embeddable":true,"href":"https:\/\/radiostudiow.com.br\/site\/wp-json\/wp\/v2\/comments?post=2599"}],"version-history":[{"count":1,"href":"https:\/\/radiostudiow.com.br\/site\/wp-json\/wp\/v2\/posts\/2599\/revisions"}],"predecessor-version":[{"id":2601,"href":"https:\/\/radiostudiow.com.br\/site\/wp-json\/wp\/v2\/posts\/2599\/revisions\/2601"}],"wp:attachment":[{"href":"https:\/\/radiostudiow.com.br\/site\/wp-json\/wp\/v2\/media?parent=2599"}],"wp:term":[{"taxonomy":"category","embeddable":true,"href":"https:\/\/radiostudiow.com.br\/site\/wp-json\/wp\/v2\/categories?post=2599"},{"taxonomy":"post_tag","embeddable":true,"href":"https:\/\/radiostudiow.com.br\/site\/wp-json\/wp\/v2\/tags?post=2599"}],"curies":[{"name":"wp","href":"https:\/\/api.w.org\/{rel}","templated":true}]}}