{"id":25992,"date":"2024-08-16T09:09:31","date_gmt":"2024-08-16T12:09:31","guid":{"rendered":"https:\/\/radiostudiow.com.br\/site\/?p=25992"},"modified":"2025-01-31T14:59:01","modified_gmt":"2025-01-31T17:59:01","slug":"caminhao-se-envolve-em-acidente-em-porto-vitoria","status":"publish","type":"post","link":"https:\/\/radiostudiow.com.br\/site\/2024\/08\/16\/caminhao-se-envolve-em-acidente-em-porto-vitoria\/","title":{"rendered":"Caminh\u00e3o se envolve em acidente em Porto Vit\u00f3ria"},"content":{"rendered":"\n<p><\/p>\n\n\n\n<p>O Corpo de Bombeiros de Uni\u00e3o da Vit\u00f3ria foi acionado para atender um acidente envolvendo um caminh\u00e3o Mercedes-Benz por volta das 14:38 horas desta quarta-feira, 14 de agosto, na rodovia PR-446 em Porto Vit\u00f3ria.<\/p>\n\n\n\n<figure class=\"wp-block-image size-full\"><img loading=\"lazy\" decoding=\"async\" width=\"897\" height=\"204\" src=\"https:\/\/radiostudiow.com.br\/site\/wp-content\/uploads\/2024\/08\/TIJOLAO.png\" alt=\"\" class=\"wp-image-25951\" srcset=\"https:\/\/radiostudiow.com.br\/site\/wp-content\/uploads\/2024\/08\/TIJOLAO.png 897w, https:\/\/radiostudiow.com.br\/site\/wp-content\/uploads\/2024\/08\/TIJOLAO-300x68.png 300w, https:\/\/radiostudiow.com.br\/site\/wp-content\/uploads\/2024\/08\/TIJOLAO-768x175.png 768w\" sizes=\"auto, (max-width: 897px) 100vw, 897px\" \/><\/figure>\n\n\n\n<p>O ve\u00edculo com placas de Uni\u00e3o da Vit\u00f3ria, era conduzido por um senhor de 76 anos, o qual perdeu o controle do caminh\u00e3o ao sair com a roda traseira esquerda do asfalto. O ve\u00edculo acabou saindo da pista, mas, felizmente, o condutor n\u00e3o sofreu ferimentos.<\/p>\n\n\n\n<p>Ap\u00f3s a avalia\u00e7\u00e3o das equipes de resgate, ele recusou o encaminhamento para o hospital.<\/p>\n","protected":false},"excerpt":{"rendered":"<p>O Corpo de Bombeiros de Uni\u00e3o da Vit\u00f3ria foi acionado para atender um acidente envolvendo um caminh\u00e3o Mercedes-Benz por volta das 14:38 horas desta quarta-feira, 14 de agosto, na rodovia PR-446 em Porto Vit\u00f3ria. O ve\u00edculo com placas de Uni\u00e3o da Vit\u00f3ria, era conduzido por um senhor de 76 anos, o qual perdeu o controle [&hellip;]<\/p>\n","protected":false},"author":2,"featured_media":26007,"comment_status":"open","ping_status":"open","sticky":false,"template":"","format":"standard","meta":{"footnotes":""},"categories":[185],"tags":[172],"class_list":["post-25992","post","type-post","status-publish","format-standard","has-post-thumbnail","hentry","category-regional","tag-featured"],"amp_enabled":true,"_links":{"self":[{"href":"https:\/\/radiostudiow.com.br\/site\/wp-json\/wp\/v2\/posts\/25992","targetHints":{"allow":["GET"]}}],"collection":[{"href":"https:\/\/radiostudiow.com.br\/site\/wp-json\/wp\/v2\/posts"}],"about":[{"href":"https:\/\/radiostudiow.com.br\/site\/wp-json\/wp\/v2\/types\/post"}],"author":[{"embeddable":true,"href":"https:\/\/radiostudiow.com.br\/site\/wp-json\/wp\/v2\/users\/2"}],"replies":[{"embeddable":true,"href":"https:\/\/radiostudiow.com.br\/site\/wp-json\/wp\/v2\/comments?post=25992"}],"version-history":[{"count":7,"href":"https:\/\/radiostudiow.com.br\/site\/wp-json\/wp\/v2\/posts\/25992\/revisions"}],"predecessor-version":[{"id":26009,"href":"https:\/\/radiostudiow.com.br\/site\/wp-json\/wp\/v2\/posts\/25992\/revisions\/26009"}],"wp:featuredmedia":[{"embeddable":true,"href":"https:\/\/radiostudiow.com.br\/site\/wp-json\/wp\/v2\/media\/26007"}],"wp:attachment":[{"href":"https:\/\/radiostudiow.com.br\/site\/wp-json\/wp\/v2\/media?parent=25992"}],"wp:term":[{"taxonomy":"category","embeddable":true,"href":"https:\/\/radiostudiow.com.br\/site\/wp-json\/wp\/v2\/categories?post=25992"},{"taxonomy":"post_tag","embeddable":true,"href":"https:\/\/radiostudiow.com.br\/site\/wp-json\/wp\/v2\/tags?post=25992"}],"curies":[{"name":"wp","href":"https:\/\/api.w.org\/{rel}","templated":true}]}}