{"id":25996,"date":"2024-08-16T09:10:46","date_gmt":"2024-08-16T12:10:46","guid":{"rendered":"https:\/\/radiostudiow.com.br\/site\/?p=25996"},"modified":"2025-01-31T14:59:01","modified_gmt":"2025-01-31T17:59:01","slug":"frio-e-calor-no-mesmo-dia-sesa-orienta-sobre-os-cuidado-com-a-saude","status":"publish","type":"post","link":"https:\/\/radiostudiow.com.br\/site\/2024\/08\/16\/frio-e-calor-no-mesmo-dia-sesa-orienta-sobre-os-cuidado-com-a-saude\/","title":{"rendered":"Frio e calor no mesmo dia. Sesa orienta sobre os cuidado com a sa\u00fade"},"content":{"rendered":"\n<p>A Secretaria de Estado da Sa\u00fade (Sesa) alerta sobre a oscila\u00e7\u00e3o nas temperaturas e orienta como manter o corpo mais protegido e saud\u00e1vel.<\/p>\n\n\n\n<p>Al\u00e9m do desconforto que sentimos na pele, essas quedas ou altas bruscas nos term\u00f4metros podem favorecer o aparecimento de infec\u00e7\u00f5es respirat\u00f3rias e de crises al\u00e9rgicas, afetar os batimentos card\u00edacos e a press\u00e3o arterial, assim como desencadear a baixa imunidade.<\/p>\n\n\n\n<p>As vias a\u00e9reas costumam dar sinal de alerta, causando uma crise de asma em quem j\u00e1 tem o diagn\u00f3stico, com tosse, falta de ar, chiado no peito, entre outros sintomas. Resfriados e gripes tamb\u00e9m s\u00e3o comuns.<\/p>\n\n\n\n<figure class=\"wp-block-image size-full\"><img loading=\"lazy\" decoding=\"async\" width=\"598\" height=\"204\" src=\"https:\/\/radiostudiow.com.br\/site\/wp-content\/uploads\/2024\/04\/image-39.png\" alt=\"\" class=\"wp-image-21311\" srcset=\"https:\/\/radiostudiow.com.br\/site\/wp-content\/uploads\/2024\/04\/image-39.png 598w, https:\/\/radiostudiow.com.br\/site\/wp-content\/uploads\/2024\/04\/image-39-300x102.png 300w\" sizes=\"auto, (max-width: 598px) 100vw, 598px\" \/><\/figure>\n\n\n\n<p>As recomenda\u00e7\u00f5es dos profissionais de sa\u00fade da Sesa s\u00e3o dirigidas \u00e0 popula\u00e7\u00e3o em geral, mas crian\u00e7as e idosos devem ter aten\u00e7\u00e3o redobrada nesse cen\u00e1rio. Dentre elas est\u00e3o evitar ambientes com aglomera\u00e7\u00f5es de pessoas, manter ambientes ventilados com livre circula\u00e7\u00e3o de ar, higieniza\u00e7\u00e3o das m\u00e3os e evitar contato pr\u00f3ximo com pessoas que apresentem sintomas respirat\u00f3rios.<\/p>\n\n\n\n<p><strong><em>\u201cQuando&nbsp;o&nbsp;ambiente&nbsp;aquece ou esfria&nbsp;repentinamente, o equil\u00edbrio t\u00e9rmico do&nbsp;corpo&nbsp;ser\u00e1&nbsp;afetado&nbsp;e a&nbsp;imunidade&nbsp;diminuir\u00e1.&nbsp;Como&nbsp;resultado, o&nbsp;corpo&nbsp;fica suscet\u00edvel a gripes e resfriados,&nbsp;bem&nbsp;como&nbsp;a infec\u00e7\u00f5es causadas&nbsp;por&nbsp;bact\u00e9rias. Os cuidados b\u00e1sicos e a vacina\u00e7\u00e3o s\u00e3o fortes aliados na prote\u00e7\u00e3o da sa\u00fade\u201d,<\/em><\/strong> alerta a&nbsp;coordenadora de Vigil\u00e2ncia Epidemiol\u00f3gica da Sesa, Ac\u00e1cia Nasr. <strong><em>\u201cAmbos&nbsp;os extremos,&nbsp;calor&nbsp;e&nbsp;frio,&nbsp;afetam a&nbsp;qualidade&nbsp;e a&nbsp;velocidade&nbsp;da&nbsp;capacidade&nbsp;do&nbsp;corpo&nbsp;de se defender\u201d.<\/em><\/strong><\/p>\n\n\n\n<p>Outro cuidado significativo, segundo Ac\u00e1cia, \u00e9 com a hidrata\u00e7\u00e3o e alimenta\u00e7\u00e3o, sendo ainda mais importante o consumo de \u00e1gua e alimentos in natura, evitando os ultraprocessados. Frutas, verduras, legumes, arroz e feij\u00e3o em geral possuem alto teor de nutrientes importantes para garantir uma boa imunidade, diferente dos ultraprocessados, que s\u00e3o ricos em s\u00f3dio, aditivos e escassos em \u00e1gua.<strong><em> \u201cOs refrigerantes, n\u00e9ctares e refrescos, apesar de possu\u00edrem alto teor de \u00e1gua, s\u00e3o ricos em a\u00e7\u00facar ou ado\u00e7antes e aditivos, n\u00e3o sendo uma fonte adequada para hidrata\u00e7\u00e3o\u201d.<\/em><\/strong><\/p>\n\n\n\n<p>De acordo com a nutricionista da Divis\u00e3o de Promo\u00e7\u00e3o da Alimenta\u00e7\u00e3o Saud\u00e1vel e Atividade F\u00edsica da Sesa, Cristina Klobukoski, a quantidade de \u00e1gua que precisa ser ingerida por dia \u00e9 muito vari\u00e1vel e depende de v\u00e1rios fatores, como a idade, o peso, a atividade f\u00edsica, bem como o clima e a temperatura do ambiente. <strong><em>\u201cPara alguns, a ingest\u00e3o de dois litros por dia pode ser suficiente, outros precisar\u00e3o de um litro e meio ou tr\u00eas litros. Uma forma de verificar se a ingest\u00e3o h\u00eddrica est\u00e1 adequada \u00e9 prestando aten\u00e7\u00e3o \u00e0 colora\u00e7\u00e3o da urina, que deve estar sempre bem clarinha\u201d, afirma.<\/em><\/strong><\/p>\n\n\n\n<figure class=\"wp-block-image size-large\"><img loading=\"lazy\" decoding=\"async\" width=\"1024\" height=\"1024\" src=\"https:\/\/radiostudiow.com.br\/site\/wp-content\/uploads\/2024\/08\/LABIRATI-1024x1024.png\" alt=\"\" class=\"wp-image-26029\" srcset=\"https:\/\/radiostudiow.com.br\/site\/wp-content\/uploads\/2024\/08\/LABIRATI-1024x1024.png 1024w, https:\/\/radiostudiow.com.br\/site\/wp-content\/uploads\/2024\/08\/LABIRATI-300x300.png 300w, https:\/\/radiostudiow.com.br\/site\/wp-content\/uploads\/2024\/08\/LABIRATI-768x768.png 768w, https:\/\/radiostudiow.com.br\/site\/wp-content\/uploads\/2024\/08\/LABIRATI-1536x1536.png 1536w, https:\/\/radiostudiow.com.br\/site\/wp-content\/uploads\/2024\/08\/LABIRATI-80x80.png 80w, https:\/\/radiostudiow.com.br\/site\/wp-content\/uploads\/2024\/08\/LABIRATI.png 1600w\" sizes=\"auto, (max-width: 1024px) 100vw, 1024px\" \/><\/figure>\n\n\n\n<h2 class=\"wp-block-heading\">Veja os cuidados que devem ser adotados com as oscila\u00e7\u00f5es de temperaturas:<\/h2>\n\n\n\n<ul class=\"wp-block-list\">\n<li>&#8211; Ingerir \u00e1gua, independente da temperatura. Em dias muito frios a ingest\u00e3o de l\u00edquidos quentes, como ch\u00e1s sem adi\u00e7\u00e3o de a\u00e7\u00facar ou ado\u00e7ante, pode ajudar a manter o corpo aquecido, por\u00e9m n\u00e3o devem substituir totalmente a ingest\u00e3o de \u00e1gua, que precisa ser mantida, al\u00e9m da alimenta\u00e7\u00e3o saud\u00e1vel;<\/li>\n\n\n\n<li>&#8211; Mantenha a higiene dom\u00e9stica, evitando o ac\u00famulo de poeira, que desencadeia diversos problemas al\u00e9rgicos;<\/li>\n\n\n\n<li>&#8211; Evite banhos com \u00e1gua muito quente, que provocam ressecamento da pele;<\/li>\n\n\n\n<li>&#8211; Evite exposi\u00e7\u00e3o prolongada a ambientes com ar-condicionado, quente ou frio;<\/li>\n\n\n\n<li>&#8211; As pessoas com alergia devem ficar atentas a cobertores que soltam pelos;<\/li>\n\n\n\n<li>&#8211; Pacientes com antecedentes como bronquite e rinite costumam ter crises nesta \u00e9poca. \u00c9 importante procurar um m\u00e9dico e seguir suas recomenda\u00e7\u00f5es;<\/li>\n\n\n\n<li>&#8211; Aten\u00e7\u00e3o ao sol. Mesmo com o frio \u00e9 importante manter o cuidado com o sol, utilizando protetores;<\/li>\n<\/ul>\n\n\n\n<p><strong>A Labirati cuida da sua sa\u00fade!<br><\/strong>\ud83d\udccdRua Major Estev\u00e3o &#8211; 208 &#8211; Centro &#8211; Mallet &#8211; PR &#8211; em frente a antiga prefeitura<br>\ud83d\udcde 42 99866-8578 | 42 3542-1001<\/p>\n","protected":false},"excerpt":{"rendered":"<p>A Secretaria de Estado da Sa\u00fade (Sesa) alerta sobre a oscila\u00e7\u00e3o nas temperaturas e orienta como manter o corpo mais protegido e saud\u00e1vel. Al\u00e9m do desconforto que sentimos na pele, essas quedas ou altas bruscas nos term\u00f4metros podem favorecer o aparecimento de infec\u00e7\u00f5es respirat\u00f3rias e de crises al\u00e9rgicas, afetar os batimentos card\u00edacos e a press\u00e3o [&hellip;]<\/p>\n","protected":false},"author":2,"featured_media":26010,"comment_status":"open","ping_status":"open","sticky":false,"template":"","format":"standard","meta":{"footnotes":""},"categories":[7],"tags":[172],"class_list":["post-25996","post","type-post","status-publish","format-standard","has-post-thumbnail","hentry","category-geral","tag-featured"],"amp_enabled":true,"_links":{"self":[{"href":"https:\/\/radiostudiow.com.br\/site\/wp-json\/wp\/v2\/posts\/25996","targetHints":{"allow":["GET"]}}],"collection":[{"href":"https:\/\/radiostudiow.com.br\/site\/wp-json\/wp\/v2\/posts"}],"about":[{"href":"https:\/\/radiostudiow.com.br\/site\/wp-json\/wp\/v2\/types\/post"}],"author":[{"embeddable":true,"href":"https:\/\/radiostudiow.com.br\/site\/wp-json\/wp\/v2\/users\/2"}],"replies":[{"embeddable":true,"href":"https:\/\/radiostudiow.com.br\/site\/wp-json\/wp\/v2\/comments?post=25996"}],"version-history":[{"count":3,"href":"https:\/\/radiostudiow.com.br\/site\/wp-json\/wp\/v2\/posts\/25996\/revisions"}],"predecessor-version":[{"id":26031,"href":"https:\/\/radiostudiow.com.br\/site\/wp-json\/wp\/v2\/posts\/25996\/revisions\/26031"}],"wp:featuredmedia":[{"embeddable":true,"href":"https:\/\/radiostudiow.com.br\/site\/wp-json\/wp\/v2\/media\/26010"}],"wp:attachment":[{"href":"https:\/\/radiostudiow.com.br\/site\/wp-json\/wp\/v2\/media?parent=25996"}],"wp:term":[{"taxonomy":"category","embeddable":true,"href":"https:\/\/radiostudiow.com.br\/site\/wp-json\/wp\/v2\/categories?post=25996"},{"taxonomy":"post_tag","embeddable":true,"href":"https:\/\/radiostudiow.com.br\/site\/wp-json\/wp\/v2\/tags?post=25996"}],"curies":[{"name":"wp","href":"https:\/\/api.w.org\/{rel}","templated":true}]}}