{"id":26012,"date":"2024-08-16T09:13:54","date_gmt":"2024-08-16T12:13:54","guid":{"rendered":"https:\/\/radiostudiow.com.br\/site\/?p=26012"},"modified":"2025-01-31T14:59:01","modified_gmt":"2025-01-31T17:59:01","slug":"homem-tem-o-pe-arrancado-durante-acidente-de-trabalho-em-uniao-da-vitoria","status":"publish","type":"post","link":"https:\/\/radiostudiow.com.br\/site\/2024\/08\/16\/homem-tem-o-pe-arrancado-durante-acidente-de-trabalho-em-uniao-da-vitoria\/","title":{"rendered":"Homem tem o p\u00e9 arrancado durante acidente de trabalho em Uni\u00e3o da Vit\u00f3ria"},"content":{"rendered":"\n<p>A equipe do Corpo de Bombeiros foi acionada para atender um grave acidente de trabalho por volta das 10 horas desta quarta-feira, 14 de agosto, em uma empresa na Rua Braulina Pigatto no bairro Bom Jesus em Uni\u00e3o da Vit\u00f3ria.<\/p>\n\n\n\n<figure class=\"wp-block-image size-large\"><img decoding=\"async\" src=\"https:\/\/radiostudiow.com.br\/site\/wp-content\/uploads\/2024\/04\/PP-thumb-banner-miniatura1920x1080-1024x576.jpg\" alt=\"\" class=\"wp-image-22019\"\/><\/figure>\n\n\n\n<p>No local a equipe encontrou o homem de 49 anos com ferimentos graves. Ele estava trabalhando com uma m\u00e1quina, tipo picador de madeira, quando teve seu p\u00e9 puxado pelo aparelho e arrancado.<\/p>\n\n\n\n<p>A v\u00edtima rapidamente foi conduzida ao Hospital Regional S\u00e3o Camilo pela equipe de bombeiros para receber os cuidados necess\u00e1rios.<\/p>\n\n\n\n<p><\/p>\n","protected":false},"excerpt":{"rendered":"<p>A equipe do Corpo de Bombeiros foi acionada para atender um grave acidente de trabalho por volta das 10 horas desta quarta-feira, 14 de agosto, em uma empresa na Rua Braulina Pigatto no bairro Bom Jesus em Uni\u00e3o da Vit\u00f3ria. No local a equipe encontrou o homem de 49 anos com ferimentos graves. Ele estava [&hellip;]<\/p>\n","protected":false},"author":2,"featured_media":22624,"comment_status":"open","ping_status":"open","sticky":false,"template":"","format":"standard","meta":{"footnotes":""},"categories":[185],"tags":[172],"class_list":["post-26012","post","type-post","status-publish","format-standard","has-post-thumbnail","hentry","category-regional","tag-featured"],"amp_enabled":true,"_links":{"self":[{"href":"https:\/\/radiostudiow.com.br\/site\/wp-json\/wp\/v2\/posts\/26012","targetHints":{"allow":["GET"]}}],"collection":[{"href":"https:\/\/radiostudiow.com.br\/site\/wp-json\/wp\/v2\/posts"}],"about":[{"href":"https:\/\/radiostudiow.com.br\/site\/wp-json\/wp\/v2\/types\/post"}],"author":[{"embeddable":true,"href":"https:\/\/radiostudiow.com.br\/site\/wp-json\/wp\/v2\/users\/2"}],"replies":[{"embeddable":true,"href":"https:\/\/radiostudiow.com.br\/site\/wp-json\/wp\/v2\/comments?post=26012"}],"version-history":[{"count":1,"href":"https:\/\/radiostudiow.com.br\/site\/wp-json\/wp\/v2\/posts\/26012\/revisions"}],"predecessor-version":[{"id":26013,"href":"https:\/\/radiostudiow.com.br\/site\/wp-json\/wp\/v2\/posts\/26012\/revisions\/26013"}],"wp:featuredmedia":[{"embeddable":true,"href":"https:\/\/radiostudiow.com.br\/site\/wp-json\/wp\/v2\/media\/22624"}],"wp:attachment":[{"href":"https:\/\/radiostudiow.com.br\/site\/wp-json\/wp\/v2\/media?parent=26012"}],"wp:term":[{"taxonomy":"category","embeddable":true,"href":"https:\/\/radiostudiow.com.br\/site\/wp-json\/wp\/v2\/categories?post=26012"},{"taxonomy":"post_tag","embeddable":true,"href":"https:\/\/radiostudiow.com.br\/site\/wp-json\/wp\/v2\/tags?post=26012"}],"curies":[{"name":"wp","href":"https:\/\/api.w.org\/{rel}","templated":true}]}}