{"id":26027,"date":"2024-08-16T09:46:44","date_gmt":"2024-08-16T12:46:44","guid":{"rendered":"https:\/\/radiostudiow.com.br\/site\/?p=26027"},"modified":"2025-01-31T14:59:01","modified_gmt":"2025-01-31T17:59:01","slug":"policia-militar-de-uniao-da-vitoria-apreende-produtos-oriundos-do-paraguai-e-argentina","status":"publish","type":"post","link":"https:\/\/radiostudiow.com.br\/site\/2024\/08\/16\/policia-militar-de-uniao-da-vitoria-apreende-produtos-oriundos-do-paraguai-e-argentina\/","title":{"rendered":"Pol\u00edcia Militar de Uni\u00e3o da Vit\u00f3ria apreende produtos oriundos do Paraguai e Argentina"},"content":{"rendered":"\n<p>A equipe da Pol\u00edcia Militar de Uni\u00e3o da Vit\u00f3ria avistou um ve\u00edculo em atitude suspeita, transitando pela BR-153, onde foi realizada abordagem policial por volta de 18:15 horas dessa quarta-feira (14).<\/p>\n\n\n\n<figure class=\"wp-block-image size-full\"><img loading=\"lazy\" decoding=\"async\" width=\"590\" height=\"204\" src=\"https:\/\/radiostudiow.com.br\/site\/wp-content\/uploads\/2024\/04\/image-27.png\" alt=\"\" class=\"wp-image-21280\" srcset=\"https:\/\/radiostudiow.com.br\/site\/wp-content\/uploads\/2024\/04\/image-27.png 590w, https:\/\/radiostudiow.com.br\/site\/wp-content\/uploads\/2024\/04\/image-27-300x104.png 300w\" sizes=\"auto, (max-width: 590px) 100vw, 590px\" \/><\/figure>\n\n\n\n<p>Durante busca pessoal no condutor e passageiro, nada de il\u00edcito foram encontrados. No entanto, em busca veicular, foram encontrados diversos aparelhos eletr\u00f4nicos e g\u00eaneros aliment\u00edcios, sendo oriundos do Paraguai e Argentina, caracterizando a pr\u00e1tica de descaminho, ou seja, quando ocorre o desvio de mercadoria para n\u00e3o serem tributadas (diferente do contrabando por omitir mercadoria que poderia entrar no pa\u00eds, o que n\u00e3o ocorre no primeiro caso).<\/p>\n\n\n\n<p>Diante dos fatos, os objetos foram apreendidos e os autores encaminhados \u00e0 sede do 27\u00ba BPM para a confec\u00e7\u00e3o das documenta\u00e7\u00f5es pertinentes.<\/p>\n","protected":false},"excerpt":{"rendered":"<p>A equipe da Pol\u00edcia Militar de Uni\u00e3o da Vit\u00f3ria avistou um ve\u00edculo em atitude suspeita, transitando pela BR-153, onde foi realizada abordagem policial por volta de 18:15 horas dessa quarta-feira (14). Durante busca pessoal no condutor e passageiro, nada de il\u00edcito foram encontrados. No entanto, em busca veicular, foram encontrados diversos aparelhos eletr\u00f4nicos e g\u00eaneros [&hellip;]<\/p>\n","protected":false},"author":2,"featured_media":26033,"comment_status":"open","ping_status":"open","sticky":false,"template":"","format":"standard","meta":{"footnotes":""},"categories":[2],"tags":[172],"class_list":["post-26027","post","type-post","status-publish","format-standard","has-post-thumbnail","hentry","category-policial","tag-featured"],"amp_enabled":true,"_links":{"self":[{"href":"https:\/\/radiostudiow.com.br\/site\/wp-json\/wp\/v2\/posts\/26027","targetHints":{"allow":["GET"]}}],"collection":[{"href":"https:\/\/radiostudiow.com.br\/site\/wp-json\/wp\/v2\/posts"}],"about":[{"href":"https:\/\/radiostudiow.com.br\/site\/wp-json\/wp\/v2\/types\/post"}],"author":[{"embeddable":true,"href":"https:\/\/radiostudiow.com.br\/site\/wp-json\/wp\/v2\/users\/2"}],"replies":[{"embeddable":true,"href":"https:\/\/radiostudiow.com.br\/site\/wp-json\/wp\/v2\/comments?post=26027"}],"version-history":[{"count":1,"href":"https:\/\/radiostudiow.com.br\/site\/wp-json\/wp\/v2\/posts\/26027\/revisions"}],"predecessor-version":[{"id":26034,"href":"https:\/\/radiostudiow.com.br\/site\/wp-json\/wp\/v2\/posts\/26027\/revisions\/26034"}],"wp:featuredmedia":[{"embeddable":true,"href":"https:\/\/radiostudiow.com.br\/site\/wp-json\/wp\/v2\/media\/26033"}],"wp:attachment":[{"href":"https:\/\/radiostudiow.com.br\/site\/wp-json\/wp\/v2\/media?parent=26027"}],"wp:term":[{"taxonomy":"category","embeddable":true,"href":"https:\/\/radiostudiow.com.br\/site\/wp-json\/wp\/v2\/categories?post=26027"},{"taxonomy":"post_tag","embeddable":true,"href":"https:\/\/radiostudiow.com.br\/site\/wp-json\/wp\/v2\/tags?post=26027"}],"curies":[{"name":"wp","href":"https:\/\/api.w.org\/{rel}","templated":true}]}}