{"id":2603,"date":"2021-06-24T16:44:18","date_gmt":"2021-06-24T19:44:18","guid":{"rendered":"https:\/\/radiostudiow.com.br\/site\/?p=2603"},"modified":"2025-01-15T11:51:10","modified_gmt":"2025-01-15T14:51:10","slug":"desobediencia-a-decisao-judicial-e-constada-em-mallet","status":"publish","type":"post","link":"https:\/\/radiostudiow.com.br\/site\/2021\/06\/24\/desobediencia-a-decisao-judicial-e-constada-em-mallet\/","title":{"rendered":"DESOBEDI\u00caNCIA \u00c0 DECIS\u00c3O JUDICIAL \u00c9 CONSTADA EM MALLET"},"content":{"rendered":"\n<p>Nesta queira \u2013 feira, 23 de maio, um homem compareceu ao Pelot\u00e3o da Pol\u00edcia Militar de Mallet relatando uma situa\u00e7\u00e3o de Desobedi\u00eancia \u00e0 decis\u00e3o judicial na \u00e1rea rural do munic\u00edpio.<\/p>\n\n\n\n<p>De acordo com o solicitante, ele possui a posse de uma \u00e1rea de terras na localidade da Col\u00f4nia Vera Cruz, BR-153, e afirmou que o seu terreno foi invadido h\u00e1 dias atr\u00e1s.<\/p>\n\n\n\n<p>A v\u00edtima disse que entrou com um processo de manuten\u00e7\u00e3o de posse e que seu pedido foi deferido e na tarde desta quarta-feira (23), o Oficial de Justi\u00e7a se deslocou at\u00e9 o local e entrou em contato com tr\u00eas homens, os quais estavam trabalhando sobre o terreno.<\/p>\n\n\n\n<p>O Oficial de Justi\u00e7a perguntou para os tr\u00eas homens sobre o deferimento da liminar de manuten\u00e7\u00e3o de posse, bem como acerca da fixa\u00e7\u00e3o de multa di\u00e1ria a ser aplicada em caso de descumprimento da presente ordem judicial.<\/p>\n\n\n\n<p>Ap\u00f3s o Oficial de Justi\u00e7a ter se retirado do local os homens retomaram as atividades no local.<\/p>\n\n\n\n<p>Diante do exposto a equipe deslocou at\u00e9 o local, constatou que os tr\u00eas homens citados pelo solicitante estavam com maquinas agr\u00edcolas trabalhando no terreno. Todos foram encaminhados at\u00e9 o 3\u00ba pelot\u00e3o para lavratura do termo circunstanciado<\/p>\n\n\n\n<figure class=\"wp-block-image size-large\"><img decoding=\"async\" src=\"https:\/\/radiostudiow.com.br\/site\/wp-content\/uploads\/2021\/06\/206205298_2947499438857881_3323158402500762983_n.jpg\" alt=\"\" class=\"wp-image-2604\"\/><\/figure>\n","protected":false},"excerpt":{"rendered":"<p>Nesta queira \u2013 feira, 23 de maio, um homem compareceu ao Pelot\u00e3o da Pol\u00edcia Militar de Mallet relatando uma situa\u00e7\u00e3o de Desobedi\u00eancia \u00e0 decis\u00e3o judicial na \u00e1rea rural do munic\u00edpio. De acordo com o solicitante, ele possui a posse de uma \u00e1rea de terras na localidade da Col\u00f4nia Vera Cruz, BR-153, e afirmou que o [&hellip;]<\/p>\n","protected":false},"author":2,"featured_media":1034,"comment_status":"open","ping_status":"open","sticky":false,"template":"","format":"standard","meta":{"footnotes":""},"categories":[2],"tags":[172],"class_list":["post-2603","post","type-post","status-publish","format-standard","has-post-thumbnail","hentry","category-policial","tag-featured"],"amp_enabled":true,"_links":{"self":[{"href":"https:\/\/radiostudiow.com.br\/site\/wp-json\/wp\/v2\/posts\/2603","targetHints":{"allow":["GET"]}}],"collection":[{"href":"https:\/\/radiostudiow.com.br\/site\/wp-json\/wp\/v2\/posts"}],"about":[{"href":"https:\/\/radiostudiow.com.br\/site\/wp-json\/wp\/v2\/types\/post"}],"author":[{"embeddable":true,"href":"https:\/\/radiostudiow.com.br\/site\/wp-json\/wp\/v2\/users\/2"}],"replies":[{"embeddable":true,"href":"https:\/\/radiostudiow.com.br\/site\/wp-json\/wp\/v2\/comments?post=2603"}],"version-history":[{"count":1,"href":"https:\/\/radiostudiow.com.br\/site\/wp-json\/wp\/v2\/posts\/2603\/revisions"}],"predecessor-version":[{"id":2605,"href":"https:\/\/radiostudiow.com.br\/site\/wp-json\/wp\/v2\/posts\/2603\/revisions\/2605"}],"wp:featuredmedia":[{"embeddable":true,"href":"https:\/\/radiostudiow.com.br\/site\/wp-json\/wp\/v2\/media\/1034"}],"wp:attachment":[{"href":"https:\/\/radiostudiow.com.br\/site\/wp-json\/wp\/v2\/media?parent=2603"}],"wp:term":[{"taxonomy":"category","embeddable":true,"href":"https:\/\/radiostudiow.com.br\/site\/wp-json\/wp\/v2\/categories?post=2603"},{"taxonomy":"post_tag","embeddable":true,"href":"https:\/\/radiostudiow.com.br\/site\/wp-json\/wp\/v2\/tags?post=2603"}],"curies":[{"name":"wp","href":"https:\/\/api.w.org\/{rel}","templated":true}]}}