{"id":26038,"date":"2024-08-19T09:09:26","date_gmt":"2024-08-19T12:09:26","guid":{"rendered":"https:\/\/radiostudiow.com.br\/site\/?p=26038"},"modified":"2025-01-31T14:59:00","modified_gmt":"2025-01-31T17:59:00","slug":"dnit-inicia-instalacao-de-novos-medidores-de-velocidade-na-br-153","status":"publish","type":"post","link":"https:\/\/radiostudiow.com.br\/site\/2024\/08\/19\/dnit-inicia-instalacao-de-novos-medidores-de-velocidade-na-br-153\/","title":{"rendered":"DNIT inicia instala\u00e7\u00e3o de novos medidores de velocidade na BR-153"},"content":{"rendered":"\n<p>O Departamento Nacional de Infraestrutura de Transportes (DNIT) esclarece que est\u00e1 em fase de transi\u00e7\u00e3o contratual referente \u00e0 instala\u00e7\u00e3o e opera\u00e7\u00e3o dos medidores eletr\u00f4nicos de velocidade no estado do Paran\u00e1. Esse processo de transi\u00e7\u00e3o envolve a contrata\u00e7\u00e3o de uma nova empresa respons\u00e1vel pela opera\u00e7\u00e3o desses servi\u00e7os no estado, que visa melhorar a seguran\u00e7a vi\u00e1ria e otimizar a fiscaliza\u00e7\u00e3o do tr\u00e1fego em rodovias federais.<\/p>\n\n\n\n<figure class=\"wp-block-image size-full\"><img loading=\"lazy\" decoding=\"async\" width=\"897\" height=\"204\" src=\"https:\/\/radiostudiow.com.br\/site\/wp-content\/uploads\/2024\/04\/image-51.png\" alt=\"\" class=\"wp-image-21370\" srcset=\"https:\/\/radiostudiow.com.br\/site\/wp-content\/uploads\/2024\/04\/image-51.png 897w, https:\/\/radiostudiow.com.br\/site\/wp-content\/uploads\/2024\/04\/image-51-300x68.png 300w, https:\/\/radiostudiow.com.br\/site\/wp-content\/uploads\/2024\/04\/image-51-768x175.png 768w\" sizes=\"auto, (max-width: 897px) 100vw, 897px\" \/><\/figure>\n\n\n\n<p>Inicialmente, estavam previstos 12 locais para a instala\u00e7\u00e3o dos medidores de velocidade na BR-153, conforme o contrato anterior. No entanto, com a assinatura do novo contrato, a Regional realizou estudos complementares para identificar as \u00e1reas que necessitam de refor\u00e7o na fiscaliza\u00e7\u00e3o e que demandam maior aten\u00e7\u00e3o em termos de seguran\u00e7a vi\u00e1ria. Como resultado desses estudos, foi determinado a troca do tipo de equipamento em alguns pontos e, em certos casos, a readequa\u00e7\u00e3o da velocidade permitida, garantindo maior efici\u00eancia na gest\u00e3o do tr\u00e1fego.<\/p>\n\n\n\n<p>At\u00e9 o momento, o DNIT j\u00e1 autorizou a instala\u00e7\u00e3o de medidores eletr\u00f4nicos de velocidade em 13 locais estrat\u00e9gicos na BR-153\/PR, uma das rodovias mais importantes do estado do Paran\u00e1. Entre esses pontos, 12 locais est\u00e3o em fase de instala\u00e7\u00e3o dos equipamentos, com previs\u00e3o de in\u00edcio de opera\u00e7\u00e3o para o final de setembro de 2024.<\/p>\n\n\n\n<p>Esses medidores desempenham um papel crucial na preven\u00e7\u00e3o de acidentes, controlando a velocidade dos ve\u00edculos e promovendo a seguran\u00e7a dos usu\u00e1rios da rodovia.<\/p>\n\n\n\n<p>Adicionalmente, o ponto localizado na BR-153, no km 482,25, j\u00e1 teve o medidor de velocidade instalado e iniciou sua opera\u00e7\u00e3o no dia 23 de julho de 2024. Esse ponto espec\u00edfico foi priorizado devido \u00e0 sua alta demanda por controle de velocidade, sendo uma \u00e1rea de grande fluxo de ve\u00edculos e com hist\u00f3rico de ocorr\u00eancias que justificam a intensifica\u00e7\u00e3o da fiscaliza\u00e7\u00e3o.<\/p>\n\n\n\n<figure class=\"wp-block-image size-full\"><img loading=\"lazy\" decoding=\"async\" width=\"897\" height=\"204\" src=\"https:\/\/radiostudiow.com.br\/site\/wp-content\/uploads\/2024\/08\/TIJOLAO.png\" alt=\"\" class=\"wp-image-25951\" srcset=\"https:\/\/radiostudiow.com.br\/site\/wp-content\/uploads\/2024\/08\/TIJOLAO.png 897w, https:\/\/radiostudiow.com.br\/site\/wp-content\/uploads\/2024\/08\/TIJOLAO-300x68.png 300w, https:\/\/radiostudiow.com.br\/site\/wp-content\/uploads\/2024\/08\/TIJOLAO-768x175.png 768w\" sizes=\"auto, (max-width: 897px) 100vw, 897px\" \/><\/figure>\n\n\n\n<p>As localidades priorizadas para a instala\u00e7\u00e3o dos medidores de velocidade foram selecionadas com base em crit\u00e9rios t\u00e9cnicos que levam em conta a densidade de tr\u00e1fego, o hist\u00f3rico de acidentes, e a necessidade de controle de velocidade em trechos cr\u00edticos da rodovia. Essa abordagem visa n\u00e3o apenas cumprir a legisla\u00e7\u00e3o de tr\u00e2nsito, mas tamb\u00e9m aumentar a seguran\u00e7a para motoristas e passageiros que utilizam a BR-153.<\/p>\n\n\n\n<p><strong>CONFIRA AS LOCALIZA\u00c7\u00d5ES PRIORIZADAS NO MOMENTO<\/strong><\/p>\n\n\n\n<figure class=\"wp-block-image size-full\"><img loading=\"lazy\" decoding=\"async\" width=\"886\" height=\"594\" src=\"https:\/\/radiostudiow.com.br\/site\/wp-content\/uploads\/2024\/08\/02-3.png\" alt=\"\" class=\"wp-image-26083\" srcset=\"https:\/\/radiostudiow.com.br\/site\/wp-content\/uploads\/2024\/08\/02-3.png 886w, https:\/\/radiostudiow.com.br\/site\/wp-content\/uploads\/2024\/08\/02-3-300x201.png 300w, https:\/\/radiostudiow.com.br\/site\/wp-content\/uploads\/2024\/08\/02-3-768x515.png 768w\" sizes=\"auto, (max-width: 886px) 100vw, 886px\" \/><\/figure>\n","protected":false},"excerpt":{"rendered":"<p>O Departamento Nacional de Infraestrutura de Transportes (DNIT) esclarece que est\u00e1 em fase de transi\u00e7\u00e3o contratual referente \u00e0 instala\u00e7\u00e3o e opera\u00e7\u00e3o dos medidores eletr\u00f4nicos de velocidade no estado do Paran\u00e1. Esse processo de transi\u00e7\u00e3o envolve a contrata\u00e7\u00e3o de uma nova empresa respons\u00e1vel pela opera\u00e7\u00e3o desses servi\u00e7os no estado, que visa melhorar a seguran\u00e7a vi\u00e1ria e [&hellip;]<\/p>\n","protected":false},"author":2,"featured_media":26074,"comment_status":"open","ping_status":"open","sticky":false,"template":"","format":"standard","meta":{"footnotes":""},"categories":[7],"tags":[172],"class_list":["post-26038","post","type-post","status-publish","format-standard","has-post-thumbnail","hentry","category-geral","tag-featured"],"amp_enabled":true,"_links":{"self":[{"href":"https:\/\/radiostudiow.com.br\/site\/wp-json\/wp\/v2\/posts\/26038","targetHints":{"allow":["GET"]}}],"collection":[{"href":"https:\/\/radiostudiow.com.br\/site\/wp-json\/wp\/v2\/posts"}],"about":[{"href":"https:\/\/radiostudiow.com.br\/site\/wp-json\/wp\/v2\/types\/post"}],"author":[{"embeddable":true,"href":"https:\/\/radiostudiow.com.br\/site\/wp-json\/wp\/v2\/users\/2"}],"replies":[{"embeddable":true,"href":"https:\/\/radiostudiow.com.br\/site\/wp-json\/wp\/v2\/comments?post=26038"}],"version-history":[{"count":4,"href":"https:\/\/radiostudiow.com.br\/site\/wp-json\/wp\/v2\/posts\/26038\/revisions"}],"predecessor-version":[{"id":26084,"href":"https:\/\/radiostudiow.com.br\/site\/wp-json\/wp\/v2\/posts\/26038\/revisions\/26084"}],"wp:featuredmedia":[{"embeddable":true,"href":"https:\/\/radiostudiow.com.br\/site\/wp-json\/wp\/v2\/media\/26074"}],"wp:attachment":[{"href":"https:\/\/radiostudiow.com.br\/site\/wp-json\/wp\/v2\/media?parent=26038"}],"wp:term":[{"taxonomy":"category","embeddable":true,"href":"https:\/\/radiostudiow.com.br\/site\/wp-json\/wp\/v2\/categories?post=26038"},{"taxonomy":"post_tag","embeddable":true,"href":"https:\/\/radiostudiow.com.br\/site\/wp-json\/wp\/v2\/tags?post=26038"}],"curies":[{"name":"wp","href":"https:\/\/api.w.org\/{rel}","templated":true}]}}