{"id":26055,"date":"2024-08-16T21:10:48","date_gmt":"2024-08-17T00:10:48","guid":{"rendered":"https:\/\/radiostudiow.com.br\/site\/?p=26055"},"modified":"2025-01-31T14:59:01","modified_gmt":"2025-01-31T17:59:01","slug":"duas-pessoas-sao-presas-por-trafico-de-drogas-em-sao-mateus-do-sul","status":"publish","type":"post","link":"https:\/\/radiostudiow.com.br\/site\/2024\/08\/16\/duas-pessoas-sao-presas-por-trafico-de-drogas-em-sao-mateus-do-sul\/","title":{"rendered":"Duas pessoas s\u00e3o presas por tr\u00e1fico de drogas em S\u00e3o Mateus do Sul"},"content":{"rendered":"\n<p>A equipe da Pol\u00edcia Civil da Paran\u00e1, por meio da 3\u00aa Subdivis\u00e3o Policial de S\u00e3o Mateus do Sul, com o apoio do N\u00facleo de Opera\u00e7\u00f5es com C\u00e3es e da Pol\u00edcia Militar, efetuou o cumprimento de tr\u00eas mandados de busca e apreens\u00e3o.<a href=\"https:\/\/www.instagram.com\/amcgcamposgerais\/?hl=pt-br\" target=\"_blank\" rel=\"noreferrer noopener\"><\/a><\/p>\n\n\n\n<p>Durante a a\u00e7\u00e3o foram apreendidas 150 gramas de crack, 24 gramas de coca\u00edna, 173 gramas de maconha, uma balan\u00e7a de precis\u00e3o e mais de 800 pinos pl\u00e1sticos utilizados para a venda de entorpecentes, os quais estavam com uma mulher de 28 anos, que foi presa em flagrante delito.<\/p>\n\n\n\n<p>Foram apreendidas 71 gramas de maconha, fracionadas em 15 buchas, que estavam com um homem de 21 anos, que foi preso em flagrante delito.<\/p>\n\n\n\n<p>A a\u00e7\u00e3o foi resultado de uma investiga\u00e7\u00e3o policial que durou cerca de 60 dias e visou combater uma rede de tr\u00e1fico de drogas que se instalou na regi\u00e3o.<\/p>\n\n\n\n<p>A Pol\u00edcia Civilsolicita o apoio da popula\u00e7\u00e3o para novas den\u00fancias que auxiliem na investiga\u00e7\u00e3o de tr\u00e1fico de drogas. As den\u00fancias podem ser feitas de forma an\u00f4nima pelo 181.<\/p>\n\n\n\n<figure class=\"wp-block-image size-large\"><img loading=\"lazy\" decoding=\"async\" width=\"1024\" height=\"768\" src=\"https:\/\/radiostudiow.com.br\/site\/wp-content\/uploads\/2024\/08\/03-7-1024x768.jpeg\" alt=\"\" class=\"wp-image-26071\" srcset=\"https:\/\/radiostudiow.com.br\/site\/wp-content\/uploads\/2024\/08\/03-7-1024x768.jpeg 1024w, https:\/\/radiostudiow.com.br\/site\/wp-content\/uploads\/2024\/08\/03-7-300x225.jpeg 300w, https:\/\/radiostudiow.com.br\/site\/wp-content\/uploads\/2024\/08\/03-7-768x576.jpeg 768w, https:\/\/radiostudiow.com.br\/site\/wp-content\/uploads\/2024\/08\/03-7.jpeg 1068w\" sizes=\"auto, (max-width: 1024px) 100vw, 1024px\" \/><\/figure>\n","protected":false},"excerpt":{"rendered":"<p>A equipe da Pol\u00edcia Civil da Paran\u00e1, por meio da 3\u00aa Subdivis\u00e3o Policial de S\u00e3o Mateus do Sul, com o apoio do N\u00facleo de Opera\u00e7\u00f5es com C\u00e3es e da Pol\u00edcia Militar, efetuou o cumprimento de tr\u00eas mandados de busca e apreens\u00e3o. Durante a a\u00e7\u00e3o foram apreendidas 150 gramas de crack, 24 gramas de coca\u00edna, 173 [&hellip;]<\/p>\n","protected":false},"author":2,"featured_media":26070,"comment_status":"open","ping_status":"open","sticky":false,"template":"","format":"standard","meta":{"footnotes":""},"categories":[2],"tags":[172],"class_list":["post-26055","post","type-post","status-publish","format-standard","has-post-thumbnail","hentry","category-policial","tag-featured"],"amp_enabled":true,"_links":{"self":[{"href":"https:\/\/radiostudiow.com.br\/site\/wp-json\/wp\/v2\/posts\/26055","targetHints":{"allow":["GET"]}}],"collection":[{"href":"https:\/\/radiostudiow.com.br\/site\/wp-json\/wp\/v2\/posts"}],"about":[{"href":"https:\/\/radiostudiow.com.br\/site\/wp-json\/wp\/v2\/types\/post"}],"author":[{"embeddable":true,"href":"https:\/\/radiostudiow.com.br\/site\/wp-json\/wp\/v2\/users\/2"}],"replies":[{"embeddable":true,"href":"https:\/\/radiostudiow.com.br\/site\/wp-json\/wp\/v2\/comments?post=26055"}],"version-history":[{"count":2,"href":"https:\/\/radiostudiow.com.br\/site\/wp-json\/wp\/v2\/posts\/26055\/revisions"}],"predecessor-version":[{"id":26072,"href":"https:\/\/radiostudiow.com.br\/site\/wp-json\/wp\/v2\/posts\/26055\/revisions\/26072"}],"wp:featuredmedia":[{"embeddable":true,"href":"https:\/\/radiostudiow.com.br\/site\/wp-json\/wp\/v2\/media\/26070"}],"wp:attachment":[{"href":"https:\/\/radiostudiow.com.br\/site\/wp-json\/wp\/v2\/media?parent=26055"}],"wp:term":[{"taxonomy":"category","embeddable":true,"href":"https:\/\/radiostudiow.com.br\/site\/wp-json\/wp\/v2\/categories?post=26055"},{"taxonomy":"post_tag","embeddable":true,"href":"https:\/\/radiostudiow.com.br\/site\/wp-json\/wp\/v2\/tags?post=26055"}],"curies":[{"name":"wp","href":"https:\/\/api.w.org\/{rel}","templated":true}]}}