{"id":26064,"date":"2024-08-16T21:09:40","date_gmt":"2024-08-17T00:09:40","guid":{"rendered":"https:\/\/radiostudiow.com.br\/site\/?p=26064"},"modified":"2025-01-31T14:59:01","modified_gmt":"2025-01-31T17:59:01","slug":"homem-e-encontrado-morto-no-interior-de-no-interior-de-sao-mateus-do-sul","status":"publish","type":"post","link":"https:\/\/radiostudiow.com.br\/site\/2024\/08\/16\/homem-e-encontrado-morto-no-interior-de-no-interior-de-sao-mateus-do-sul\/","title":{"rendered":"Homem \u00e9 encontrado morto no interior de no interior de S\u00e3o Mateus do Sul"},"content":{"rendered":"\n<p>Um corpo foi encontrado dentro de resid\u00eancia na comunidade do Monjolos, interior de S\u00e3o Mateus do Sul na tarde de hoje, sexta-feira (16).<\/p>\n\n\n\n<p>As equipes da PM e SAMU foram acionados para o atendimento e constatado que a v\u00edtima, identificada como Paulo Wenglarek Riske 51 anos, estava em \u00f3bito.<\/p>\n\n\n\n<p>A Pol\u00edcia Civil foi at\u00e9 o local e acionou o Instituto de Criminal\u00edstica e IML de Uni\u00e3o da Vit\u00f3ria para recolher o corpo. As causas da morte est\u00e3o sob investiga\u00e7\u00e3o.<\/p>\n\n\n\n<p><\/p>\n","protected":false},"excerpt":{"rendered":"<p>Um corpo foi encontrado dentro de resid\u00eancia na comunidade do Monjolos, interior de S\u00e3o Mateus do Sul na tarde de hoje, sexta-feira (16). As equipes da PM e SAMU foram acionados para o atendimento e constatado que a v\u00edtima, identificada como Paulo Wenglarek Riske 51 anos, estava em \u00f3bito. A Pol\u00edcia Civil foi at\u00e9 o [&hellip;]<\/p>\n","protected":false},"author":2,"featured_media":26065,"comment_status":"open","ping_status":"open","sticky":false,"template":"","format":"standard","meta":{"footnotes":""},"categories":[185],"tags":[172],"class_list":["post-26064","post","type-post","status-publish","format-standard","has-post-thumbnail","hentry","category-regional","tag-featured"],"amp_enabled":true,"_links":{"self":[{"href":"https:\/\/radiostudiow.com.br\/site\/wp-json\/wp\/v2\/posts\/26064","targetHints":{"allow":["GET"]}}],"collection":[{"href":"https:\/\/radiostudiow.com.br\/site\/wp-json\/wp\/v2\/posts"}],"about":[{"href":"https:\/\/radiostudiow.com.br\/site\/wp-json\/wp\/v2\/types\/post"}],"author":[{"embeddable":true,"href":"https:\/\/radiostudiow.com.br\/site\/wp-json\/wp\/v2\/users\/2"}],"replies":[{"embeddable":true,"href":"https:\/\/radiostudiow.com.br\/site\/wp-json\/wp\/v2\/comments?post=26064"}],"version-history":[{"count":1,"href":"https:\/\/radiostudiow.com.br\/site\/wp-json\/wp\/v2\/posts\/26064\/revisions"}],"predecessor-version":[{"id":26066,"href":"https:\/\/radiostudiow.com.br\/site\/wp-json\/wp\/v2\/posts\/26064\/revisions\/26066"}],"wp:featuredmedia":[{"embeddable":true,"href":"https:\/\/radiostudiow.com.br\/site\/wp-json\/wp\/v2\/media\/26065"}],"wp:attachment":[{"href":"https:\/\/radiostudiow.com.br\/site\/wp-json\/wp\/v2\/media?parent=26064"}],"wp:term":[{"taxonomy":"category","embeddable":true,"href":"https:\/\/radiostudiow.com.br\/site\/wp-json\/wp\/v2\/categories?post=26064"},{"taxonomy":"post_tag","embeddable":true,"href":"https:\/\/radiostudiow.com.br\/site\/wp-json\/wp\/v2\/tags?post=26064"}],"curies":[{"name":"wp","href":"https:\/\/api.w.org\/{rel}","templated":true}]}}