{"id":26086,"date":"2024-08-19T09:53:51","date_gmt":"2024-08-19T12:53:51","guid":{"rendered":"https:\/\/radiostudiow.com.br\/site\/?p=26086"},"modified":"2025-01-31T14:59:00","modified_gmt":"2025-01-31T17:59:00","slug":"sicredi-fica-entre-os-melhores-em-projecoes-economicas-no-premio-broadcast-2024","status":"publish","type":"post","link":"https:\/\/radiostudiow.com.br\/site\/2024\/08\/19\/sicredi-fica-entre-os-melhores-em-projecoes-economicas-no-premio-broadcast-2024\/","title":{"rendered":"Sicredi fica entre os melhores em proje\u00e7\u00f5es econ\u00f4micas no Pr\u00eamio Broadcast 2024"},"content":{"rendered":"\n<p><em>Institui\u00e7\u00e3o financeira cooperativa ficou em 6\u00ba lugar no ranking da Ag\u00eancia Estado, tr\u00eas posi\u00e7\u00f5es<br>acima do ano passado; este \u00e9 o quarto ano seguido em que o Sicredi ganha o reconhecimento.<\/em><\/p>\n\n\n\n<figure class=\"wp-block-image size-full\"><img loading=\"lazy\" decoding=\"async\" width=\"897\" height=\"204\" src=\"https:\/\/radiostudiow.com.br\/site\/wp-content\/uploads\/2024\/04\/image-37.png\" alt=\"\" class=\"wp-image-21305\" srcset=\"https:\/\/radiostudiow.com.br\/site\/wp-content\/uploads\/2024\/04\/image-37.png 897w, https:\/\/radiostudiow.com.br\/site\/wp-content\/uploads\/2024\/04\/image-37-300x68.png 300w, https:\/\/radiostudiow.com.br\/site\/wp-content\/uploads\/2024\/04\/image-37-768x175.png 768w\" sizes=\"auto, (max-width: 897px) 100vw, 897px\" \/><\/figure>\n\n\n\n<p>O Sicredi, institui\u00e7\u00e3o financeira cooperativa com mais de 8 milh\u00f5es de associados, conquistou nesta<br>ter\u00e7a-feira (13\/08) a sexta posi\u00e7\u00e3o na categoria Top Geral, do Pr\u00eamio Broadcast Proje\u00e7\u00f5es 2024,<br>subindo tr\u00eas posi\u00e7\u00f5es em rela\u00e7\u00e3o ao lugar conquistado na edi\u00e7\u00e3o de 2023. A categoria Top Geral<br>avalia as proje\u00e7\u00f5es considerando sete indicadores econ\u00f4micos. Esse \u00e9 o quarto ano consecutivo em<br>que o Sicredi recebe o reconhecimento, o qual destacou as institui\u00e7\u00f5es financeiras e consultorias<br>econ\u00f4micas que mais acertaram as estimativas sobre as vari\u00e1veis macroecon\u00f4micas de 2023.<\/p>\n\n\n\n<p>Na categoria Top Geral, s\u00e3o analisadas as estimativas do IPCA, IGP-M, Selic, c\u00e2mbio, saldo da balan\u00e7a<br>comercial, rela\u00e7\u00e3o d\u00edvida l\u00edquida\/PIB e PIB, encaminhadas por mais de 80 diferentes institui\u00e7\u00f5es que<br>realizam, periodicamente, proje\u00e7\u00f5es de indicadores econ\u00f4micos. S\u00e3o consideradas na an\u00e1lise as<br>previs\u00f5es feitas para os seis trimestres subsequentes e para o ano fechado.<\/p>\n\n\n\n<div class=\"wp-block-media-text is-stacked-on-mobile\"><figure class=\"wp-block-media-text__media\"><img loading=\"lazy\" decoding=\"async\" width=\"771\" height=\"1024\" src=\"https:\/\/radiostudiow.com.br\/site\/wp-content\/uploads\/2024\/08\/Sicredi_Andre-Nunes_Broadcast-771x1024.jpg\" alt=\"\" class=\"wp-image-26090 size-full\" srcset=\"https:\/\/radiostudiow.com.br\/site\/wp-content\/uploads\/2024\/08\/Sicredi_Andre-Nunes_Broadcast-771x1024.jpg 771w, https:\/\/radiostudiow.com.br\/site\/wp-content\/uploads\/2024\/08\/Sicredi_Andre-Nunes_Broadcast-226x300.jpg 226w, https:\/\/radiostudiow.com.br\/site\/wp-content\/uploads\/2024\/08\/Sicredi_Andre-Nunes_Broadcast-768x1021.jpg 768w, https:\/\/radiostudiow.com.br\/site\/wp-content\/uploads\/2024\/08\/Sicredi_Andre-Nunes_Broadcast-1156x1536.jpg 1156w, https:\/\/radiostudiow.com.br\/site\/wp-content\/uploads\/2024\/08\/Sicredi_Andre-Nunes_Broadcast.jpg 1204w\" sizes=\"auto, (max-width: 771px) 100vw, 771px\" \/><\/figure><div class=\"wp-block-media-text__content\">\n<p>Para economista-chefe do Sicredi, Andr\u00e9 de Nunes, premia\u00e7\u00e3o ratifica esfor\u00e7o em trabalhar an\u00e1lises cada vez mais precisas<br><em>Cr\u00e9ditos: Divulga\u00e7\u00e3o\/Sicredi<\/em><\/p>\n<\/div><\/div>\n\n\n\n<p><em><strong>\u201cEssa premia\u00e7\u00e3o ratifica nosso esfor\u00e7o em trabalhar an\u00e1lises cada vez mais precisas, evoluindo a<br>cada ano, o que contribui para embasar a tomada de decis\u00f5es, assim como beneficia nossos<br>associados no dia a dia dos seus neg\u00f3cios\u201d, <\/strong>destacou Andr\u00e9 Nunes de Nunes, economista-chefe do<br>Sicredi, que representou a institui\u00e7\u00e3o financeira cooperativa no evento de entrega do pr\u00eamio.<\/em><\/p>\n\n\n\n<p>A proposta do Pr\u00eamio Broadcast Proje\u00e7\u00f5es \u00e9 reconhecer as institui\u00e7\u00f5es cujas proje\u00e7\u00f5es para os<br>principais indicadores econ\u00f4micos do pa\u00eds mais se aproximam da realidade, visando estimular uma<br>precis\u00e3o cada vez maior dos dados. A Ag\u00eancia Estado, por meio de uma metodologia pr\u00f3pria, re\u00fane<br>e avalia os dados fornecidos pelas empresas e corretoras inscritas, resultados de suas an\u00e1lises sobre<br>n\u00fameros macroecon\u00f4micos.<\/p>\n\n\n\n<p>Neste ano, o evento teve a abertura do CEO da Broadcast, Denis Piovesan, e palestra do diretor de<br>Pol\u00edtica Econ\u00f4mica do Banco Central, Diogo Guillen. O economista tratou sobre expectativas de<br>infla\u00e7\u00e3o no Brasil, cen\u00e1rios nacional e internacional, e indicadores que orientaram a Ata da \u00faltima<br>reuni\u00e3o do Comit\u00ea de Pol\u00edtica Monet\u00e1ria (Copom), realizada em 30 e 31 de julho.<\/p>\n\n\n\n<figure class=\"wp-block-image size-large\"><img decoding=\"async\" src=\"https:\/\/radiostudiow.com.br\/site\/wp-content\/uploads\/2024\/04\/PP-thumb-banner-miniatura1920x1080-1024x576.jpg\" alt=\"\" class=\"wp-image-22019\"\/><\/figure>\n\n\n\n<h2 class=\"wp-block-heading\">Sobre o Sicredi<\/h2>\n\n\n\n<p>O Sicredi \u00e9 uma institui\u00e7\u00e3o financeira cooperativa comprometida com o crescimento de seus<br>associados e com o desenvolvimento das regi\u00f5es onde atua. Possui um modelo de gest\u00e3o que<br>valoriza a participa\u00e7\u00e3o dos mais de 8 milh\u00f5es de associados, que exercem o papel de donos do<br>neg\u00f3cio. Com mais de 2.700 ag\u00eancias, o Sicredi est\u00e1 presente fisicamente em todos os estados<br>brasileiros e no Distrito Federal, disponibilizando uma gama completa de solu\u00e7\u00f5es financeiras e n\u00e3o<br>financeiras.<br>Site do Sicredi: Clique aqui<br>Redes Sociais: Facebook |Instagram | Twitter | LinkedIn | YouTube<\/p>\n","protected":false},"excerpt":{"rendered":"<p>Institui\u00e7\u00e3o financeira cooperativa ficou em 6\u00ba lugar no ranking da Ag\u00eancia Estado, tr\u00eas posi\u00e7\u00f5esacima do ano passado; este \u00e9 o quarto ano seguido em que o Sicredi ganha o reconhecimento. O Sicredi, institui\u00e7\u00e3o financeira cooperativa com mais de 8 milh\u00f5es de associados, conquistou nestater\u00e7a-feira (13\/08) a sexta posi\u00e7\u00e3o na categoria Top Geral, do Pr\u00eamio Broadcast [&hellip;]<\/p>\n","protected":false},"author":2,"featured_media":26089,"comment_status":"open","ping_status":"open","sticky":false,"template":"","format":"standard","meta":{"footnotes":""},"categories":[7],"tags":[172],"class_list":["post-26086","post","type-post","status-publish","format-standard","has-post-thumbnail","hentry","category-geral","tag-featured"],"amp_enabled":true,"_links":{"self":[{"href":"https:\/\/radiostudiow.com.br\/site\/wp-json\/wp\/v2\/posts\/26086","targetHints":{"allow":["GET"]}}],"collection":[{"href":"https:\/\/radiostudiow.com.br\/site\/wp-json\/wp\/v2\/posts"}],"about":[{"href":"https:\/\/radiostudiow.com.br\/site\/wp-json\/wp\/v2\/types\/post"}],"author":[{"embeddable":true,"href":"https:\/\/radiostudiow.com.br\/site\/wp-json\/wp\/v2\/users\/2"}],"replies":[{"embeddable":true,"href":"https:\/\/radiostudiow.com.br\/site\/wp-json\/wp\/v2\/comments?post=26086"}],"version-history":[{"count":1,"href":"https:\/\/radiostudiow.com.br\/site\/wp-json\/wp\/v2\/posts\/26086\/revisions"}],"predecessor-version":[{"id":26091,"href":"https:\/\/radiostudiow.com.br\/site\/wp-json\/wp\/v2\/posts\/26086\/revisions\/26091"}],"wp:featuredmedia":[{"embeddable":true,"href":"https:\/\/radiostudiow.com.br\/site\/wp-json\/wp\/v2\/media\/26089"}],"wp:attachment":[{"href":"https:\/\/radiostudiow.com.br\/site\/wp-json\/wp\/v2\/media?parent=26086"}],"wp:term":[{"taxonomy":"category","embeddable":true,"href":"https:\/\/radiostudiow.com.br\/site\/wp-json\/wp\/v2\/categories?post=26086"},{"taxonomy":"post_tag","embeddable":true,"href":"https:\/\/radiostudiow.com.br\/site\/wp-json\/wp\/v2\/tags?post=26086"}],"curies":[{"name":"wp","href":"https:\/\/api.w.org\/{rel}","templated":true}]}}